{"id":103,"date":"2019-08-03T15:38:23","date_gmt":"2019-08-03T15:38:23","guid":{"rendered":"https:\/\/www.desdegranada.com\/site\/?p=103"},"modified":"2019-08-03T15:38:23","modified_gmt":"2019-08-03T15:38:23","slug":"anllely-maritza-martinez-garcia","status":"publish","type":"post","link":"https:\/\/www.desdegranada.com\/site\/?p=103","title":{"rendered":"Anllely Maritza Mart\u00ednez Garc\u00eda"},"content":{"rendered":"<p style=\"text-align: justify;\"><span style=\"font-weight: 400;\">Tiempo antes de realizar esta entrevista con Anllely, le propuse hacer un texto sobre su vida para publicarlo en esta secci\u00f3n \u2013La Voz del Ni\u00f1o, de la revista La Viga- y acept\u00f3 luego de entender de qu\u00e9 se trataba. Durante varios d\u00edas ella visitaba las instalaciones de la emisora para preguntarme cu\u00e1ndo era que la iba a entrevistar hasta que finalmente se dio la oportunidad.<\/span><\/p>\n<p style=\"text-align: justify;\"><span style=\"font-weight: 400;\">Inicialmente, hablamos de c\u00f3mo era su vida en la vereda \u201cDe la finca lo que m\u00e1s me gusta son los animales y las plantas y jugar con mis hermanas. Yo estudiaba en la escuela de Las Palmas y cuando llegaba de la escuela, hac\u00eda mis tareas y jugaba con los juguetes. Yo siempre entraba a las 8:00am. Me levantaba por ah\u00ed a las 6 para tender mi cama, empacar los cuadernos y ba\u00f1arme para irme pa\u2019 la escuela. A veces me llevaba mi pap\u00e1 en moto y sino, a veces me iba por el camino; me demoraba por ah\u00ed 40 minutos\u201d.<\/span><\/p>\n<p style=\"text-align: justify;\"><span style=\"font-weight: 400;\">\u201cLos amiguitos de la escuela quedaban muy lejos y no pod\u00edamos compartir. Un a\u00f1o s\u00ed porque vino una ni\u00f1a a estudiar y a veces iba all\u00e1 un ratico, pero as\u00ed no nos pod\u00edamos ver porque era muy lejos la casa pa\u2019 ir, pero uno jugaba en la escuela\u201d.<\/span><\/p>\n<p style=\"text-align: justify;\"><span style=\"font-weight: 400;\">La mayor parte de la vida de Anllely transcurri\u00f3 en el campo, rodeada de agradables paisajes, sintiendo el aire fresco y escuchando el canto de las aves y el sonido de los r\u00edos. Hoy su d\u00eda a d\u00eda se desarrolla en un ambiente diferente, pero en el que no le ha sido dif\u00edcil adaptarse.<\/span><\/p>\n<p style=\"text-align: justify;\"><span style=\"font-weight: 400;\"><img decoding=\"async\" src=\"images\/Anllely_2.jpg\" alt=\"\" \/><\/span><\/p>\n<p style=\"text-align: justify;\"><span style=\"font-weight: 400;\">\u201cMe vine aqu\u00ed a estudiar a cuarto y antes de venirme para ac\u00e1, estuve en San Francisco tambi\u00e9n. Ya llevo dos a\u00f1os por aqu\u00ed en Granada y me gusta mucho. Cuando nos vinimos para ac\u00e1, para Granada, yo dije: ah bueno, me va a tocar irme y abandonar a mi finca; volver\u00e9 en las vacaciones\u2026 Yo la extra\u00f1o mucho y extra\u00f1o mucho al gatico \u2013tiene en Las Palmas un gatico que se llama Pepe y jugaba a veces con \u00e9l- pero al menos a veces bajamos un fin de semana, vamos y le echamos comidita, le echamos cuidito. Al menos mi pap\u00e1 baja cada ocho d\u00edas los domingos. Era muy bueno all\u00e1 y ya me resign\u00e9 por ac\u00e1 a vivir\u201d.<\/span><\/p>\n<p style=\"text-align: justify;\"><span style=\"font-weight: 400;\">\u201cPor aqu\u00ed es m\u00e1s diferente porque por all\u00e1 -Las Palmas- entraba a las 8:00am a estudiar y ac\u00e1 a las 7:00am y all\u00e1 sal\u00eda a las 3:00pm y por ac\u00e1 salgo a las 12 y media. Lo que m\u00e1s me gusta a m\u00ed de Granada, es la paz, la armon\u00eda. En la finca tambi\u00e9n es bueno, pero donde nosotros hace mucho calor, pero yo no me quemo porque me resign\u00e9 a ese calor, es muy bueno pa\u2019 tirar ba\u00f1o. Uno no se cobijaba o por ah\u00ed una cobija; yo no me cobijaba y a media noche, mi pap\u00e1 o mi mam\u00e1 me cobijaban\u201d.<\/span><\/p>\n<p style=\"text-align: justify;\"><span style=\"font-weight: 400;\">\u201cYo vivo con mi mam\u00e1 y mi pap\u00e1 y mis dos hermanas. Yo fui la primera que nac\u00ed. Mi mam\u00e1 est\u00e1 ah\u00ed en la casa cuid\u00e1ndonos a nosotros y mi pap\u00e1 ahora est\u00e1 en Construgranada pero ahora como lo dejaron sin trabajo se va a meter a trabajar en la luz \u2013 electricidad- porque le gusta mucho la luz\u201d.<\/span><\/p>\n<p style=\"text-align: justify;\"><span style=\"font-weight: 400;\"> \u201cMi sue\u00f1o es trabajar en la cooperativa Creafam, porque me gusta mucho atender gente\u201d. Anllely es nieta de do\u00f1a Aura Elena, l\u00edder de la vereda El Jard\u00edn y quien participa activamente de distintas actividades programadas por las cooperativas granadinas. \u201cElla se mantiene mucho en las cooperativas y por eso me gusta mucho, y porque veo a esas muchachas como trabajan y le digo a mi mam\u00e1 que quiero trabajar en la cooperativa Creafam. Para m\u00ed el cooperativismo es compartir con la gente cuando vamos a hacer una actividad, as\u00ed como en la emisora que uno a veces escucha los s\u00e1bados que transmiten de Creafam que a veces dicen las cosas que hace la cooperativa y saludan a la gente en los cumplea\u00f1os y as\u00ed\u201d\u2026<\/span><\/p>\n","protected":false},"excerpt":{"rendered":"<p style=\"text-align: justify;\">Por: Faiber Salazar<\/p>\n<p style=\"text-align: justify;\"><span style=\"font-weight: 400;\">\u201cYo viv\u00eda en Las Palmas, me encantaba mucho estar por all\u00e1\u201d. Con esta frase que de inmediato da a entender la felicidad que le generaba vivir en el campo, en la que es una de las veredas m\u00e1s lejanas con que cuenta el municipio de Granada, iniciamos nuestra conversaci\u00f3n Anllely Maritza Mart\u00ednez Garc\u00eda, de 11 a\u00f1os y yo para conocerla un poco m\u00e1s.<\/span><\/p>\n","protected":false},"author":1,"featured_media":0,"comment_status":"open","ping_status":"open","sticky":false,"template":"","format":"standard","meta":{"footnotes":""},"categories":[20],"tags":[],"class_list":["post-103","post","type-post","status-publish","format-standard","hentry","category-columnistas"],"_links":{"self":[{"href":"https:\/\/www.desdegranada.com\/site\/index.php?rest_route=\/wp\/v2\/posts\/103","targetHints":{"allow":["GET"]}}],"collection":[{"href":"https:\/\/www.desdegranada.com\/site\/index.php?rest_route=\/wp\/v2\/posts"}],"about":[{"href":"https:\/\/www.desdegranada.com\/site\/index.php?rest_route=\/wp\/v2\/types\/post"}],"author":[{"embeddable":true,"href":"https:\/\/www.desdegranada.com\/site\/index.php?rest_route=\/wp\/v2\/users\/1"}],"replies":[{"embeddable":true,"href":"https:\/\/www.desdegranada.com\/site\/index.php?rest_route=%2Fwp%2Fv2%2Fcomments&post=103"}],"version-history":[{"count":0,"href":"https:\/\/www.desdegranada.com\/site\/index.php?rest_route=\/wp\/v2\/posts\/103\/revisions"}],"wp:attachment":[{"href":"https:\/\/www.desdegranada.com\/site\/index.php?rest_route=%2Fwp%2Fv2%2Fmedia&parent=103"}],"wp:term":[{"taxonomy":"category","embeddable":true,"href":"https:\/\/www.desdegranada.com\/site\/index.php?rest_route=%2Fwp%2Fv2%2Fcategories&post=103"},{"taxonomy":"post_tag","embeddable":true,"href":"https:\/\/www.desdegranada.com\/site\/index.php?rest_route=%2Fwp%2Fv2%2Ftags&post=103"}],"curies":[{"name":"wp","href":"https:\/\/api.w.org\/{rel}","templated":true}]}}