{"id":104,"date":"2019-08-03T22:43:31","date_gmt":"2019-08-03T22:43:31","guid":{"rendered":"https:\/\/www.desdegranada.com\/site\/?p=104"},"modified":"2019-08-03T22:43:31","modified_gmt":"2019-08-03T22:43:31","slug":"de-nuevo-pichingo-esta-en-la-lucha-por-convertirse-en-rey-del-festival-nacional-de-la-trova-ciudad-de-medellin","status":"publish","type":"post","link":"https:\/\/www.desdegranada.com\/site\/?p=104","title":{"rendered":"De nuevo, Pichingo est\u00e1 en la lucha por convertirse en Rey del Festival Nacional de la Trova, Ciudad de Medell\u00edn"},"content":{"rendered":"<p style=\"text-align: justify;\">Y es que, por 4 vez consecutiva, Pichingo se ha clasificado a la gran final del Festival Nacional de la Trova, Ciudad de Medell\u00edn.<\/p>\n<p style=\"text-align: justify;\">En la semifinal, que se desarroll\u00f3 este 2 de agosto en el Parque de los Deseos, Diego Alexander G\u00f3mez asegur\u00f3 su lugar en la final al quedar como Pr\u00edncipe (tercer lugar).<\/p>\n<p style=\"text-align: justify;\"><img decoding=\"async\" src=\"images\/Pichingo_trova_2019_1.jpg\" alt=\"\" \/><\/p>\n<p style=\"text-align: justify;\">La gran final de la d\u00e9cimo quinta versi\u00f3n del festival de trova m\u00e1s importante del pa\u00eds se llevar\u00e1 a cabo este viernes 9 de agosto en la Plaza Gardel.<\/p>\n<p style=\"text-align: justify;\">A nuestro paisano Pichingo, le deseamos muchos \u00e9xitos en su objetivo de convertirse en Rey nacional de la trova y a los granadinos los invitamos a seguir la participaci\u00f3n de este hijo de nuestro municipio en tan importante evento.<\/p>\n","protected":false},"excerpt":{"rendered":"<p style=\"text-align: justify;\">Como ya nos tiene acostumbrados a amigos, paisanos y seguidores, Diego Alexander G\u00f3mez \u2018Pichingo\u2019 sigue sobresaliendo en cada uno de los eventos del verso en los que participa.<\/p>\n","protected":false},"author":1,"featured_media":0,"comment_status":"open","ping_status":"open","sticky":false,"template":"","format":"standard","meta":{"footnotes":""},"categories":[19],"tags":[],"class_list":["post-104","post","type-post","status-publish","format-standard","hentry","category-noticias"],"_links":{"self":[{"href":"https:\/\/www.desdegranada.com\/site\/index.php?rest_route=\/wp\/v2\/posts\/104","targetHints":{"allow":["GET"]}}],"collection":[{"href":"https:\/\/www.desdegranada.com\/site\/index.php?rest_route=\/wp\/v2\/posts"}],"about":[{"href":"https:\/\/www.desdegranada.com\/site\/index.php?rest_route=\/wp\/v2\/types\/post"}],"author":[{"embeddable":true,"href":"https:\/\/www.desdegranada.com\/site\/index.php?rest_route=\/wp\/v2\/users\/1"}],"replies":[{"embeddable":true,"href":"https:\/\/www.desdegranada.com\/site\/index.php?rest_route=%2Fwp%2Fv2%2Fcomments&post=104"}],"version-history":[{"count":0,"href":"https:\/\/www.desdegranada.com\/site\/index.php?rest_route=\/wp\/v2\/posts\/104\/revisions"}],"wp:attachment":[{"href":"https:\/\/www.desdegranada.com\/site\/index.php?rest_route=%2Fwp%2Fv2%2Fmedia&parent=104"}],"wp:term":[{"taxonomy":"category","embeddable":true,"href":"https:\/\/www.desdegranada.com\/site\/index.php?rest_route=%2Fwp%2Fv2%2Fcategories&post=104"},{"taxonomy":"post_tag","embeddable":true,"href":"https:\/\/www.desdegranada.com\/site\/index.php?rest_route=%2Fwp%2Fv2%2Ftags&post=104"}],"curies":[{"name":"wp","href":"https:\/\/api.w.org\/{rel}","templated":true}]}}