{"id":105,"date":"2019-08-06T04:23:32","date_gmt":"2019-08-06T04:23:32","guid":{"rendered":"https:\/\/www.desdegranada.com\/site\/?p=105"},"modified":"2019-08-06T04:23:32","modified_gmt":"2019-08-06T04:23:32","slug":"siete-kilometros-y-medio-de-felicidad-se-construyen-entre-las-veredas-san-esteban-y-la-cascada","status":"publish","type":"post","link":"https:\/\/www.desdegranada.com\/site\/?p=105","title":{"rendered":"Siete kil\u00f3metros y medio de felicidad se construyen entre las veredas San Esteban y La Cascada"},"content":{"rendered":"<p style=\"text-align: justify;\">Y es que el 5 de agosto de 2019 quedar\u00e1 en la retina del pueblo granadino por ser el d\u00eda en el que se di\u00f3 inicio a la pavimentaci\u00f3n con asfalto de una v\u00eda terciaria, algo que no se hab\u00eda visto en los 212 a\u00f1os de historia de nuestro municipio.<\/p>\n<p style=\"text-align: justify;\">Durante cerca de un a\u00f1o, ingenieros y obreros del proyecto de pavimentaci\u00f3n de este corredor vial trabajaron en la limpieza de desag\u00fces, mantenimiento de la v\u00eda existente, vaciado de material de afirmado y construcci\u00f3n de cuentas para poder llegar al momento m\u00e1s importante para las comunidades: ver el vaciado de asfalto sobre la carretera.<\/p>\n<p style=\"text-align: justify;\"><img loading=\"lazy\" decoding=\"async\" src=\"images\/9_San_Esteban_La_Cascada_2019.jpg\" alt=\"\" width=\"744\" height=\"435\" \/><\/p>\n<p style=\"text-align: justify;\">Con la demora en los trabajos anteriormente mencionados, los habitantes de este sector hasta dudaban que la pavimentaci\u00f3n se materializara, pero despu\u00e9s de esperar con paciencia por tanto tiempo, el d\u00eda lleg\u00f3\u2026 Seis volquetas llegaron cargadas de asfalto para pavimentar los primeros metros (de los 7.5 kil\u00f3metros totales) que iniciaron en la vereda La Cascada.<\/p>\n<p style=\"text-align: justify;\">Hoy ese sue\u00f1o est\u00e1 cada vez m\u00e1s cerca de cumplirse y la felicidad es un sentir generalizado dentro de los pobladores de la zona, pues van a contar con una v\u00eda en condiciones inmejorables para desplazarse hasta el casco urbano y sacar sus productos al mercado.<\/p>\n<p style=\"text-align: justify;\">Atr\u00e1s quedar\u00e1n las olas de polvo en verano y los lodazales en invierno que dejaba el carro escalera a su paso y llegar\u00e1 un tiempo en el que si se quiere ver mejor esta v\u00eda s\u00f3lo ser\u00e1 necesario barrerla y trapearla.<\/p>\n<p><img decoding=\"async\" src=\"images\/4_San_Esteban_La_Cascada_2019.jpg\" alt=\"\" \/><\/p>\n<p>\u00a0<\/p>\n<p>\u00a0<\/p>\n","protected":false},"excerpt":{"rendered":"<p style=\"text-align: justify;\">Por: Faiber Salazar.<\/p>\n<p style=\"text-align: justify;\">El proyecto que hace alrededor de un a\u00f1o parec\u00eda hipot\u00e9tico, lo que ayer parec\u00eda que s\u00f3lo podr\u00eda suceder en los sue\u00f1os, hoy se empieza a hacer realidad para cientos de campesinos de las veredas San Esteban, El Roble, El Ed\u00e9n y La Cascada con el inicio del asfaltado en la v\u00eda que comunica estas cuatro veredas.<\/p>\n","protected":false},"author":1,"featured_media":0,"comment_status":"open","ping_status":"open","sticky":false,"template":"","format":"standard","meta":{"footnotes":""},"categories":[20],"tags":[],"class_list":["post-105","post","type-post","status-publish","format-standard","hentry","category-columnistas"],"_links":{"self":[{"href":"https:\/\/www.desdegranada.com\/site\/index.php?rest_route=\/wp\/v2\/posts\/105","targetHints":{"allow":["GET"]}}],"collection":[{"href":"https:\/\/www.desdegranada.com\/site\/index.php?rest_route=\/wp\/v2\/posts"}],"about":[{"href":"https:\/\/www.desdegranada.com\/site\/index.php?rest_route=\/wp\/v2\/types\/post"}],"author":[{"embeddable":true,"href":"https:\/\/www.desdegranada.com\/site\/index.php?rest_route=\/wp\/v2\/users\/1"}],"replies":[{"embeddable":true,"href":"https:\/\/www.desdegranada.com\/site\/index.php?rest_route=%2Fwp%2Fv2%2Fcomments&post=105"}],"version-history":[{"count":0,"href":"https:\/\/www.desdegranada.com\/site\/index.php?rest_route=\/wp\/v2\/posts\/105\/revisions"}],"wp:attachment":[{"href":"https:\/\/www.desdegranada.com\/site\/index.php?rest_route=%2Fwp%2Fv2%2Fmedia&parent=105"}],"wp:term":[{"taxonomy":"category","embeddable":true,"href":"https:\/\/www.desdegranada.com\/site\/index.php?rest_route=%2Fwp%2Fv2%2Fcategories&post=105"},{"taxonomy":"post_tag","embeddable":true,"href":"https:\/\/www.desdegranada.com\/site\/index.php?rest_route=%2Fwp%2Fv2%2Ftags&post=105"}],"curies":[{"name":"wp","href":"https:\/\/api.w.org\/{rel}","templated":true}]}}