{"id":1137,"date":"2024-08-13T11:30:31","date_gmt":"2024-08-13T16:30:31","guid":{"rendered":"https:\/\/www.desdegranada.com\/site\/?p=1137"},"modified":"2024-09-05T10:54:42","modified_gmt":"2024-09-05T15:54:42","slug":"torneo-de-los-valores-creafam-una-apuesta-por-la-formacion-integral-de-los-deportistas","status":"publish","type":"post","link":"https:\/\/www.desdegranada.com\/site\/?p=1137","title":{"rendered":"Torneo de los valores Creafam, una apuesta por la formaci\u00f3n integral de los deportistas"},"content":{"rendered":"<p>El torneo de los valores que desarrolla la Fundaci\u00f3n Social Creafam con los deportistas que hacen parte del proceso de f\u00fatbol de sal\u00f3n, es una propuesta que viene desde al a\u00f1o 2018 aproximadamente, y con la que se busca complementar la formaci\u00f3n personal y deportiva que reciben especialmente las categor\u00edas entre los 4 y 12 a\u00f1os, que no tienen competencia en torneos intermunicipales o departamentales.<!--more--><\/p>\n<p>Adem\u00e1s de verlo como una oportunidad de aprovechar de manera productiva su tiempo libre, los ni\u00f1os deportistas resaltan el aporte del proceso, que ofrece la cooperativa Creafam, tanto en el tema deportivo como personal.<\/p>\n<p>Ligado al tema deportivo, el club desarrolla la escuela de padres con los acudientes de los deportistas, lo que permite trabajar articuladamente en su formaci\u00f3n.<\/p>\n<p>Son alrededor de 120 ni\u00f1os los que cada semana se dan cita para integrarse y vivir los valores \u00e9ticos alrededor del f\u00fatbol de sal\u00f3n.<\/p>\n","protected":false},"excerpt":{"rendered":"<p>El torneo de los valores que desarrolla la Fundaci\u00f3n Social Creafam con los deportistas que&hellip;<\/p>\n","protected":false},"author":2,"featured_media":1167,"comment_status":"open","ping_status":"open","sticky":false,"template":"","format":"standard","meta":{"footnotes":""},"categories":[19],"tags":[39,36,41,40],"class_list":["post-1137","post","type-post","status-publish","format-standard","has-post-thumbnail","hentry","category-noticias","tag-deporte","tag-granada-antioquia","tag-juventud","tag-ninos"],"_links":{"self":[{"href":"https:\/\/www.desdegranada.com\/site\/index.php?rest_route=\/wp\/v2\/posts\/1137","targetHints":{"allow":["GET"]}}],"collection":[{"href":"https:\/\/www.desdegranada.com\/site\/index.php?rest_route=\/wp\/v2\/posts"}],"about":[{"href":"https:\/\/www.desdegranada.com\/site\/index.php?rest_route=\/wp\/v2\/types\/post"}],"author":[{"embeddable":true,"href":"https:\/\/www.desdegranada.com\/site\/index.php?rest_route=\/wp\/v2\/users\/2"}],"replies":[{"embeddable":true,"href":"https:\/\/www.desdegranada.com\/site\/index.php?rest_route=%2Fwp%2Fv2%2Fcomments&post=1137"}],"version-history":[{"count":1,"href":"https:\/\/www.desdegranada.com\/site\/index.php?rest_route=\/wp\/v2\/posts\/1137\/revisions"}],"predecessor-version":[{"id":1138,"href":"https:\/\/www.desdegranada.com\/site\/index.php?rest_route=\/wp\/v2\/posts\/1137\/revisions\/1138"}],"wp:featuredmedia":[{"embeddable":true,"href":"https:\/\/www.desdegranada.com\/site\/index.php?rest_route=\/wp\/v2\/media\/1167"}],"wp:attachment":[{"href":"https:\/\/www.desdegranada.com\/site\/index.php?rest_route=%2Fwp%2Fv2%2Fmedia&parent=1137"}],"wp:term":[{"taxonomy":"category","embeddable":true,"href":"https:\/\/www.desdegranada.com\/site\/index.php?rest_route=%2Fwp%2Fv2%2Fcategories&post=1137"},{"taxonomy":"post_tag","embeddable":true,"href":"https:\/\/www.desdegranada.com\/site\/index.php?rest_route=%2Fwp%2Fv2%2Ftags&post=1137"}],"curies":[{"name":"wp","href":"https:\/\/api.w.org\/{rel}","templated":true}]}}