{"id":1155,"date":"2024-09-05T09:51:03","date_gmt":"2024-09-05T14:51:03","guid":{"rendered":"https:\/\/www.desdegranada.com\/site\/?p=1155"},"modified":"2024-09-05T09:51:03","modified_gmt":"2024-09-05T14:51:03","slug":"granadinos-ya-sienten-el-impacto-por-el-paro-camionero","status":"publish","type":"post","link":"https:\/\/www.desdegranada.com\/site\/?p=1155","title":{"rendered":"Granadinos ya sienten el impacto por el paro camionero"},"content":{"rendered":"<p>Con el paso de los d\u00edas, el impacto del paro de transportadores que avanza en el pa\u00eds, empieza a sentirse en mayor medida en las diferentes localidades del oriente Antioque\u00f1o, y Granada no es la excepci\u00f3n.<!--more--><\/p>\n<p>Para las personas que se desplazan entre el municipio, la ciudad de Medell\u00edn y localidades aleda\u00f1as, y viceversa, las dificultades para movilizarse se han incrementado de manera significativa debido a las manifestaciones.<\/p>\n<p>\u00abYo ayer estuve en Medell\u00edn y en la ida todo muy bien, pero en la venida de Medell\u00edn hacia ac\u00e1, salimos a las 11 de la ma\u00f1ana y apenas llagamos aqu\u00ed (Granada) a las cinco de la tarde, y eso porque el conductor se meti\u00f3 por un atajo por Rionegro, sino no hubi\u00e9ramos llegado ayer\u00bb, manifest\u00f3 uno de los usuarios del servicio de Flota Granada S.A.S.<\/p>\n<p>Al respecto, el gerente de la empresa Guillermo G\u00f3mez, manifest\u00f3: \u00abespecialmente en el Oriente Antioque\u00f1o, donde tenemos las rutas de influencia de la empresa, se ha tenido unos despachos y una movilidad restringida debido a los puntos de concentraci\u00f3n en Guarne y en Marinilla\u00bb.<\/p>\n<p>Pese a la reducci\u00f3n de los despachos hacia la Capital de la Monta\u00f1a, la empresa contin\u00faa, de momento, enviando veh\u00edculos con normalidad hacia Rionegro y evaluar\u00e1 la posibilidad de realizar despachos en horas de la tarde hacia Medell\u00edn.<\/p>\n","protected":false},"excerpt":{"rendered":"<p>Con el paso de los d\u00edas, el impacto del paro de transportadores que avanza en&hellip;<\/p>\n","protected":false},"author":2,"featured_media":1156,"comment_status":"open","ping_status":"open","sticky":false,"template":"","format":"standard","meta":{"footnotes":""},"categories":[19],"tags":[46,36,53,52],"class_list":["post-1155","post","type-post","status-publish","format-standard","has-post-thumbnail","hentry","category-noticias","tag-colonias-granadinas","tag-granada-antioquia","tag-movilidad","tag-transporte"],"_links":{"self":[{"href":"https:\/\/www.desdegranada.com\/site\/index.php?rest_route=\/wp\/v2\/posts\/1155","targetHints":{"allow":["GET"]}}],"collection":[{"href":"https:\/\/www.desdegranada.com\/site\/index.php?rest_route=\/wp\/v2\/posts"}],"about":[{"href":"https:\/\/www.desdegranada.com\/site\/index.php?rest_route=\/wp\/v2\/types\/post"}],"author":[{"embeddable":true,"href":"https:\/\/www.desdegranada.com\/site\/index.php?rest_route=\/wp\/v2\/users\/2"}],"replies":[{"embeddable":true,"href":"https:\/\/www.desdegranada.com\/site\/index.php?rest_route=%2Fwp%2Fv2%2Fcomments&post=1155"}],"version-history":[{"count":1,"href":"https:\/\/www.desdegranada.com\/site\/index.php?rest_route=\/wp\/v2\/posts\/1155\/revisions"}],"predecessor-version":[{"id":1157,"href":"https:\/\/www.desdegranada.com\/site\/index.php?rest_route=\/wp\/v2\/posts\/1155\/revisions\/1157"}],"wp:featuredmedia":[{"embeddable":true,"href":"https:\/\/www.desdegranada.com\/site\/index.php?rest_route=\/wp\/v2\/media\/1156"}],"wp:attachment":[{"href":"https:\/\/www.desdegranada.com\/site\/index.php?rest_route=%2Fwp%2Fv2%2Fmedia&parent=1155"}],"wp:term":[{"taxonomy":"category","embeddable":true,"href":"https:\/\/www.desdegranada.com\/site\/index.php?rest_route=%2Fwp%2Fv2%2Fcategories&post=1155"},{"taxonomy":"post_tag","embeddable":true,"href":"https:\/\/www.desdegranada.com\/site\/index.php?rest_route=%2Fwp%2Fv2%2Ftags&post=1155"}],"curies":[{"name":"wp","href":"https:\/\/api.w.org\/{rel}","templated":true}]}}