{"id":1170,"date":"2024-09-12T18:13:24","date_gmt":"2024-09-12T23:13:24","guid":{"rendered":"https:\/\/www.desdegranada.com\/site\/?p=1170"},"modified":"2024-09-12T18:13:24","modified_gmt":"2024-09-12T23:13:24","slug":"una-granadina-es-antioquena-de-oro","status":"publish","type":"post","link":"https:\/\/www.desdegranada.com\/site\/?p=1170","title":{"rendered":"Una granadina es Antioque\u00f1a de Oro"},"content":{"rendered":"<p>El galard\u00f3n que entrega la Gobernaci\u00f3n de Antioquia a mujeres que se destacan en diferentes campos y que, desde su quehacer le apuestan a la transformaci\u00f3n del departamento, tuvo como una de las 10 ganadoras de la versi\u00f3n 2024 a la granadina Camila Duque Hoyos, reconocida art\u00edsticamente como Camila De la Cruz.<!--more--><\/p>\n<p>La noticia sorprendi\u00f3 a la autora estando en Alemania, en donde se encuentra compartiendo su trabajo art\u00edstico con ni\u00f1os refugiados, mujeres y migrantes. Sobre este reconocimiento, la escritora de \u2018Huir para vencer\u2019, expres\u00f3: \u201cA la final creo que lo que hago es contagiar de buenas noticias y alegr\u00eda a muchas personas, y que nos podamos amar y nos podamos respetar; as\u00ed que estoy muy agradecida con Dios por este regalo que me da\u201d.<\/p>\n<p>Arte y cultura fue la categor\u00eda en la que se destac\u00f3 Camila, pero el reconocimiento lo recibieron su madre y su hermana en la tarde de este jueves 12 de septiembre.<\/p>\n","protected":false},"excerpt":{"rendered":"<p>El galard\u00f3n que entrega la Gobernaci\u00f3n de Antioquia a mujeres que se destacan en diferentes&hellip;<\/p>\n","protected":false},"author":2,"featured_media":1171,"comment_status":"open","ping_status":"open","sticky":false,"template":"","format":"standard","meta":{"footnotes":""},"categories":[19],"tags":[],"class_list":["post-1170","post","type-post","status-publish","format-standard","has-post-thumbnail","hentry","category-noticias"],"_links":{"self":[{"href":"https:\/\/www.desdegranada.com\/site\/index.php?rest_route=\/wp\/v2\/posts\/1170","targetHints":{"allow":["GET"]}}],"collection":[{"href":"https:\/\/www.desdegranada.com\/site\/index.php?rest_route=\/wp\/v2\/posts"}],"about":[{"href":"https:\/\/www.desdegranada.com\/site\/index.php?rest_route=\/wp\/v2\/types\/post"}],"author":[{"embeddable":true,"href":"https:\/\/www.desdegranada.com\/site\/index.php?rest_route=\/wp\/v2\/users\/2"}],"replies":[{"embeddable":true,"href":"https:\/\/www.desdegranada.com\/site\/index.php?rest_route=%2Fwp%2Fv2%2Fcomments&post=1170"}],"version-history":[{"count":1,"href":"https:\/\/www.desdegranada.com\/site\/index.php?rest_route=\/wp\/v2\/posts\/1170\/revisions"}],"predecessor-version":[{"id":1172,"href":"https:\/\/www.desdegranada.com\/site\/index.php?rest_route=\/wp\/v2\/posts\/1170\/revisions\/1172"}],"wp:featuredmedia":[{"embeddable":true,"href":"https:\/\/www.desdegranada.com\/site\/index.php?rest_route=\/wp\/v2\/media\/1171"}],"wp:attachment":[{"href":"https:\/\/www.desdegranada.com\/site\/index.php?rest_route=%2Fwp%2Fv2%2Fmedia&parent=1170"}],"wp:term":[{"taxonomy":"category","embeddable":true,"href":"https:\/\/www.desdegranada.com\/site\/index.php?rest_route=%2Fwp%2Fv2%2Fcategories&post=1170"},{"taxonomy":"post_tag","embeddable":true,"href":"https:\/\/www.desdegranada.com\/site\/index.php?rest_route=%2Fwp%2Fv2%2Ftags&post=1170"}],"curies":[{"name":"wp","href":"https:\/\/api.w.org\/{rel}","templated":true}]}}