{"id":1203,"date":"2024-10-09T15:08:28","date_gmt":"2024-10-09T20:08:28","guid":{"rendered":"https:\/\/www.desdegranada.com\/site\/?p=1203"},"modified":"2024-10-09T15:08:28","modified_gmt":"2024-10-09T20:08:28","slug":"amigo-es-un-peso-en-el-bolsillo","status":"publish","type":"post","link":"https:\/\/www.desdegranada.com\/site\/?p=1203","title":{"rendered":"Amigo es un peso en el bolsillo"},"content":{"rendered":"<p>Una vez tuve la oportunidad de conversar con el padre Camilo Atehort\u00faa y me dijo \u201cYeison, su amistad nadie la va a querer perder\u201d y ese ha sido mi lema, un slogan que adopt\u00e9 para saber que los dem\u00e1s no se quieren ir de mi lado.<!--more--><\/p>\n<p>Por: Jeison Giraldo, locutor Granada Stereo.<\/p>\n<p>Hay veces me provoca advertirles a las personas que van llegando a mi vida, que por favor si se quieren ir de la nada, es mejor que no lleguen, pero los que ya somos adultos podemos decir que eso no es con condiciones y que, a la larga en cualquier momento, por muy amigo que sea, se va a ir.<\/p>\n<p>Y eso no es que, si hace esto o lo otro, no lo dejes ir, como dicen los memes en las redes sociales. Lo duro de este escenario es que uno no sabe si las personas se alejaron porque uno hizo algo malo y no fueron capaz de comunicarlo a tiempo, o peor, que no se tiene el veredicto de qui\u00e9n es el que se alej\u00f3 de quien, y s\u00famele a eso que posiblemente los dos amigos est\u00e1n esperando que en cualquier momento llegue el otro, porque obvio uno siempre lo va a esperar.<\/p>\n<p>Yo ten\u00eda un amigo de grandes debates, cuando decid\u00edamos conversar solucion\u00e1bamos problemas cruciales del pa\u00eds, incluso hicimos el an\u00e1lisis para ver si el presupuesto nos alcanzaba para comprar al Cucut\u00e1 Deportivo, en ese tiempo cuando el equipo estaba en una crisis econ\u00f3mica y que debido a eso perdi\u00f3 el reconocimiento deportivo en el FPC.<\/p>\n<p>Era de entera confianza, incluso pensaba que si alg\u00fan d\u00eda Dios me daba la oportunidad de llegar a la presidencia de Colombia, \u00e9l seria la persona a la que le consultar\u00eda cada cosa, ser\u00eda como un secretario personalizado, o algo as\u00ed.<\/p>\n<p>Ahora que uno valora la amistad, lamenta cuando personas como ese amigo se van del lado de uno, uno sabe que no deber\u00eda ser as\u00ed y genera nostalgia, pero toca seguir para adelante. Hasta el mes pasado espere que volviera mi amigo, pero no lo hizo. Ahora lamentablemente voy a tener que borrar su nombre de los agradecimientos que van en mi libro.<\/p>\n<p>Quiero que este texto sea un reconocimiento a los amigos que ya se fueron sin saber porque y que siempre los vamos a tener en los buenos recuerdos.<\/p>\n<p>&nbsp;<\/p>\n<p>&nbsp;<\/p>\n","protected":false},"excerpt":{"rendered":"<p>Una vez tuve la oportunidad de conversar con el padre Camilo Atehort\u00faa y me dijo&hellip;<\/p>\n","protected":false},"author":2,"featured_media":1204,"comment_status":"open","ping_status":"open","sticky":false,"template":"","format":"standard","meta":{"footnotes":""},"categories":[20],"tags":[46,44,36,45],"class_list":["post-1203","post","type-post","status-publish","format-standard","has-post-thumbnail","hentry","category-columnistas","tag-colonias-granadinas","tag-columnistas","tag-granada-antioquia","tag-historias"],"_links":{"self":[{"href":"https:\/\/www.desdegranada.com\/site\/index.php?rest_route=\/wp\/v2\/posts\/1203","targetHints":{"allow":["GET"]}}],"collection":[{"href":"https:\/\/www.desdegranada.com\/site\/index.php?rest_route=\/wp\/v2\/posts"}],"about":[{"href":"https:\/\/www.desdegranada.com\/site\/index.php?rest_route=\/wp\/v2\/types\/post"}],"author":[{"embeddable":true,"href":"https:\/\/www.desdegranada.com\/site\/index.php?rest_route=\/wp\/v2\/users\/2"}],"replies":[{"embeddable":true,"href":"https:\/\/www.desdegranada.com\/site\/index.php?rest_route=%2Fwp%2Fv2%2Fcomments&post=1203"}],"version-history":[{"count":1,"href":"https:\/\/www.desdegranada.com\/site\/index.php?rest_route=\/wp\/v2\/posts\/1203\/revisions"}],"predecessor-version":[{"id":1205,"href":"https:\/\/www.desdegranada.com\/site\/index.php?rest_route=\/wp\/v2\/posts\/1203\/revisions\/1205"}],"wp:featuredmedia":[{"embeddable":true,"href":"https:\/\/www.desdegranada.com\/site\/index.php?rest_route=\/wp\/v2\/media\/1204"}],"wp:attachment":[{"href":"https:\/\/www.desdegranada.com\/site\/index.php?rest_route=%2Fwp%2Fv2%2Fmedia&parent=1203"}],"wp:term":[{"taxonomy":"category","embeddable":true,"href":"https:\/\/www.desdegranada.com\/site\/index.php?rest_route=%2Fwp%2Fv2%2Fcategories&post=1203"},{"taxonomy":"post_tag","embeddable":true,"href":"https:\/\/www.desdegranada.com\/site\/index.php?rest_route=%2Fwp%2Fv2%2Ftags&post=1203"}],"curies":[{"name":"wp","href":"https:\/\/api.w.org\/{rel}","templated":true}]}}