{"id":1206,"date":"2024-10-11T10:53:13","date_gmt":"2024-10-11T15:53:13","guid":{"rendered":"https:\/\/www.desdegranada.com\/site\/?p=1206"},"modified":"2024-10-11T10:53:13","modified_gmt":"2024-10-11T15:53:13","slug":"vias-son-desarrollo","status":"publish","type":"post","link":"https:\/\/www.desdegranada.com\/site\/?p=1206","title":{"rendered":"V\u00edas son desarrollo"},"content":{"rendered":"<p>Con gran benepl\u00e1cito, en Granada se han recibido varias obras viales, las cuales han redundado en el desarrollo social y econ\u00f3mico del municipio, beneficiando a campesinos, turistas y lugare\u00f1os de la regi\u00f3n.<!--more--><\/p>\n<p>Por Emerson Vergara, locutor Granada Stereo.<\/p>\n<p>Solo por mencionar algunas, la pavimentaci\u00f3n de las v\u00edas San Esteban &#8211; La Cascada, de los cuales los granadinos estuvimos esperando por varias d\u00e9cadas, igual que la de Granada &#8211; San Carlos, que ha tra\u00eddo un movimiento significativo en el municipio, pero que por falta de zonas de parqueo, el turismo sigue de largo hasta el municipio de San Carlos.<\/p>\n<p>De a poco hemos visto tambi\u00e9n el avance en el punto critico conocido como El Matadero, del cual hemos visto como las obras contin\u00faan y que, se dice, dentro de poco entrar\u00e1 en servicio el puente que dar\u00e1 soluci\u00f3n a la movilidad hacia y desde Medell\u00edn.<\/p>\n<p>\u00bfPero qu\u00e9 ha pasado con el punto cr\u00edtico cerca de la Autopista Medell\u00edn &#8211; Bogot\u00e1?<\/p>\n<p>Esa es la pregunta que todos nosotros, granadinos, sancarlitanos y habitantes de la regi\u00f3n nos hacemos, pero que a\u00fan no se encuentra una respuesta cierta.<\/p>\n<p>Pues bien, este punto que por a\u00f1os ha perjudicado el transporte de pasajeros, de carga y particulares, no ha sido mas que una pasarela, que los pol\u00edticos en su momento han aprovechado para sus campa\u00f1as prometiendo soluci\u00f3n, pero que hoy en d\u00eda no hay m\u00e1s que dos paleteros de pare y siga tratando de dar control a la movilidad en este lugar, y s\u00ed, los pol\u00edticos ni m\u00e1s\u2026 brillan por su ausencia, pues las campa\u00f1as pol\u00edticas se acabaron y con ellas las promesas que nos hicieron a todos.<\/p>\n<p>No ha servido de nada los plantones que conjuntamente granadinos y sancarlitanos han hecho en la autopista, los veh\u00edculos varados y estancados en este lugar; es m\u00e1s, \u00a0hace alrededor de dos a\u00f1os, consejos municipales de Granada, El Santuario y el Carmen de Viboral se reunieron en el municipio de El Santuario con el secretario de infraestructura f\u00edsica de Antioquia Santiago Sierra buscando una soluci\u00f3n; pero que como siempre no paso de eso y de las millones de pesos que se han gastado en estudios para este lugar.<\/p>\n<p>\u00bfQu\u00e9 podemos esperar entonces ahora, cuando este punto sigue sin ser intervenido y que d\u00eda a d\u00eda se complica m\u00e1s la movilidad para los viajeros? Acaso estamos esperando, que ojal\u00e1 as\u00ed no sea, un accidente grave para que por fin los pol\u00edticos y gobiernos locales, departamentales y nacionales, pongan por fin el ojo en esta problem\u00e1tica que nos afecta a todos y le den pronta soluci\u00f3n.<\/p>\n<p>Mientras tanto sigamos esperando.<\/p>\n<p>&nbsp;<\/p>\n","protected":false},"excerpt":{"rendered":"<p>Con gran benepl\u00e1cito, en Granada se han recibido varias obras viales, las cuales han redundado&hellip;<\/p>\n","protected":false},"author":2,"featured_media":1207,"comment_status":"open","ping_status":"open","sticky":false,"template":"","format":"standard","meta":{"footnotes":""},"categories":[20],"tags":[48,46,44,36,53,52],"class_list":["post-1206","post","type-post","status-publish","format-standard","has-post-thumbnail","hentry","category-columnistas","tag-campo","tag-colonias-granadinas","tag-columnistas","tag-granada-antioquia","tag-movilidad","tag-transporte"],"_links":{"self":[{"href":"https:\/\/www.desdegranada.com\/site\/index.php?rest_route=\/wp\/v2\/posts\/1206","targetHints":{"allow":["GET"]}}],"collection":[{"href":"https:\/\/www.desdegranada.com\/site\/index.php?rest_route=\/wp\/v2\/posts"}],"about":[{"href":"https:\/\/www.desdegranada.com\/site\/index.php?rest_route=\/wp\/v2\/types\/post"}],"author":[{"embeddable":true,"href":"https:\/\/www.desdegranada.com\/site\/index.php?rest_route=\/wp\/v2\/users\/2"}],"replies":[{"embeddable":true,"href":"https:\/\/www.desdegranada.com\/site\/index.php?rest_route=%2Fwp%2Fv2%2Fcomments&post=1206"}],"version-history":[{"count":1,"href":"https:\/\/www.desdegranada.com\/site\/index.php?rest_route=\/wp\/v2\/posts\/1206\/revisions"}],"predecessor-version":[{"id":1208,"href":"https:\/\/www.desdegranada.com\/site\/index.php?rest_route=\/wp\/v2\/posts\/1206\/revisions\/1208"}],"wp:featuredmedia":[{"embeddable":true,"href":"https:\/\/www.desdegranada.com\/site\/index.php?rest_route=\/wp\/v2\/media\/1207"}],"wp:attachment":[{"href":"https:\/\/www.desdegranada.com\/site\/index.php?rest_route=%2Fwp%2Fv2%2Fmedia&parent=1206"}],"wp:term":[{"taxonomy":"category","embeddable":true,"href":"https:\/\/www.desdegranada.com\/site\/index.php?rest_route=%2Fwp%2Fv2%2Fcategories&post=1206"},{"taxonomy":"post_tag","embeddable":true,"href":"https:\/\/www.desdegranada.com\/site\/index.php?rest_route=%2Fwp%2Fv2%2Ftags&post=1206"}],"curies":[{"name":"wp","href":"https:\/\/api.w.org\/{rel}","templated":true}]}}