{"id":1210,"date":"2024-10-17T17:04:03","date_gmt":"2024-10-17T22:04:03","guid":{"rendered":"https:\/\/www.desdegranada.com\/site\/?p=1210"},"modified":"2024-10-17T17:04:03","modified_gmt":"2024-10-17T22:04:03","slug":"granada-tierra-de-valientes-y-sonadores","status":"publish","type":"post","link":"https:\/\/www.desdegranada.com\/site\/?p=1210","title":{"rendered":"Granada, tierra de valientes y so\u00f1adores"},"content":{"rendered":"<p>Granada, nuestro querido municipio del oriente antioque\u00f1o, es m\u00e1s que un lugar en el mapa; es la cuna de hombres y mujeres que han sabido levantarse con dignidad frente a la adversidad. Aqu\u00ed, cada rinc\u00f3n, cada casa, cuenta una historia de resistencia y valent\u00eda.<!--more--><\/p>\n<p>Por: Edison Giraldo, concejal de Cali.<\/p>\n<p>Hace poco m\u00e1s de dos d\u00e9cadas, nuestra tierra fue sacudida por una tragedia que parec\u00eda irreparable. En el a\u00f1o 2000, el estallido de 400 kilos de dinamita nos dej\u00f3 cicatrices profundas: vidas perdidas, hogares destruidos, sue\u00f1os apagados. Pero si hay algo que caracteriza a los granadinos, es la verraquera. No nos rendimos. Desde las ruinas, renacimos, reconstruyendo piedra por piedra, con el alma firme y el coraz\u00f3n lleno de esperanza.<\/p>\n<p>Hoy, Granada no solo ha sanado sus heridas, sino que se ha levantado con m\u00e1s fuerza que nunca. En cada calle, en cada sonrisa de nuestros habitantes, se siente el fruto de a\u00f1os de esfuerzo. Nuestro municipio, que antes fue s\u00edmbolo de dolor, hoy es testimonio de lo que se puede lograr cuando la comunidad trabaja unida. Porque aqu\u00ed no solo se trata de sobrevivir; se trata de prosperar, de demostrar que la solidaridad y el empe\u00f1o son el motor que nos impulsa hacia adelante.<\/p>\n<p>Muchos de nuestros paisanos, obligados a salir en busca de nuevas oportunidades, han dejado huella en cada rinc\u00f3n del pa\u00eds. Medell\u00edn, Cali, Bogot\u00e1, y otras grandes ciudades, han sido testigos de la fuerza granadina. Esas \u2018Colonias Granadinas\u2019, como cari\u00f1osamente las llamamos, son m\u00e1s que grupos de personas; son redes de apoyo, espacios de creaci\u00f3n, donde nuestros valores de esfuerzo y uni\u00f3n siguen vivos.<\/p>\n<p>Desde el comercio hasta la pol\u00edtica, pasando por el emprendimiento y el trabajo social, los granadinos que un d\u00eda se fueron han sabido enaltecer el nombre de nuestro municipio. Cada empresa que han levantado, cada empleo que han generado, no solo beneficia a quienes los rodean, sino que es un orgullo para todos nosotros.<\/p>\n<p>Ahora, el llamado es claro: a todos aquellos que han llevado el nombre de Granada en su coraz\u00f3n, los invitamos a mirar de nuevo hacia sus ra\u00edces. Es hora de devolverle al municipio un poco de todo lo que nos ha dado. Pongamos nuestro conocimiento, nuestra experiencia y nuestra capacidad al servicio de nuestra tierra. Solo as\u00ed, trabajando juntos, podemos garantizar un mejor futuro para las generaciones venideras.<\/p>\n<p>Granada nos necesita hoy m\u00e1s que nunca. Y nosotros, con el mismo coraje que nos caracteriza, responderemos al llamado.<\/p>\n","protected":false},"excerpt":{"rendered":"<p>Granada, nuestro querido municipio del oriente antioque\u00f1o, es m\u00e1s que un lugar en el mapa;&hellip;<\/p>\n","protected":false},"author":2,"featured_media":1211,"comment_status":"open","ping_status":"open","sticky":false,"template":"","format":"standard","meta":{"footnotes":""},"categories":[20],"tags":[46,44,55,36,42],"class_list":["post-1210","post","type-post","status-publish","format-standard","has-post-thumbnail","hentry","category-columnistas","tag-colonias-granadinas","tag-columnistas","tag-emprendimiento","tag-granada-antioquia","tag-retorno"],"_links":{"self":[{"href":"https:\/\/www.desdegranada.com\/site\/index.php?rest_route=\/wp\/v2\/posts\/1210","targetHints":{"allow":["GET"]}}],"collection":[{"href":"https:\/\/www.desdegranada.com\/site\/index.php?rest_route=\/wp\/v2\/posts"}],"about":[{"href":"https:\/\/www.desdegranada.com\/site\/index.php?rest_route=\/wp\/v2\/types\/post"}],"author":[{"embeddable":true,"href":"https:\/\/www.desdegranada.com\/site\/index.php?rest_route=\/wp\/v2\/users\/2"}],"replies":[{"embeddable":true,"href":"https:\/\/www.desdegranada.com\/site\/index.php?rest_route=%2Fwp%2Fv2%2Fcomments&post=1210"}],"version-history":[{"count":1,"href":"https:\/\/www.desdegranada.com\/site\/index.php?rest_route=\/wp\/v2\/posts\/1210\/revisions"}],"predecessor-version":[{"id":1212,"href":"https:\/\/www.desdegranada.com\/site\/index.php?rest_route=\/wp\/v2\/posts\/1210\/revisions\/1212"}],"wp:featuredmedia":[{"embeddable":true,"href":"https:\/\/www.desdegranada.com\/site\/index.php?rest_route=\/wp\/v2\/media\/1211"}],"wp:attachment":[{"href":"https:\/\/www.desdegranada.com\/site\/index.php?rest_route=%2Fwp%2Fv2%2Fmedia&parent=1210"}],"wp:term":[{"taxonomy":"category","embeddable":true,"href":"https:\/\/www.desdegranada.com\/site\/index.php?rest_route=%2Fwp%2Fv2%2Fcategories&post=1210"},{"taxonomy":"post_tag","embeddable":true,"href":"https:\/\/www.desdegranada.com\/site\/index.php?rest_route=%2Fwp%2Fv2%2Ftags&post=1210"}],"curies":[{"name":"wp","href":"https:\/\/api.w.org\/{rel}","templated":true}]}}