{"id":1225,"date":"2024-10-25T16:11:41","date_gmt":"2024-10-25T21:11:41","guid":{"rendered":"https:\/\/www.desdegranada.com\/site\/?p=1225"},"modified":"2024-10-25T16:11:41","modified_gmt":"2024-10-25T21:11:41","slug":"feria-rural-educativa-una-apuesta-para-darle-vida-a-las-ideas-de-emprendimiento-de-los-estudiantes","status":"publish","type":"post","link":"https:\/\/www.desdegranada.com\/site\/?p=1225","title":{"rendered":"Feria Rural Educativa, una apuesta para darle vida a las ideas de emprendimiento de los estudiantes"},"content":{"rendered":"<p>Los emprendimientos estudiantiles se tomaron este viernes 25 de octubre las instalaciones del Parque Educativo Mar\u00eda Dolores Giraldo en la primera Feria Rural Educativa Saberes y Sabores de Granada, un espacio pensado para visibilizar y apoyar los proyectos o ideas de negocios que tienen, de manera conjunta, docentes, estudiantes y padres de familia de varias veredas del municipio.<!--more--><\/p>\n<p>\u201cEs otra forma de conocimiento, de educar a los ni\u00f1os. No hay que ense\u00f1arles solamente a leer y escribir, a sumar y restar, que es la base de la educaci\u00f3n en primaria, sino que hay que ense\u00f1arles un oficio, algo que ellos puedan hacer que m\u00e1s adelante les sirva para su vida, para salir adelante\u201d, cont\u00f3 Teresa Granados, una de las promotoras de la actividad.<\/p>\n<p>Con una amplia oferta gastron\u00f3mica, de artesan\u00edas y otros productos para el aseo y el hogar, el parque educativo se convirti\u00f3 en una especie de establecimiento de comercio, en el que los granadinos pudieron conocer sobre cada una de las propuestas que lideran docentes y estudiantes, y l\u00f3gicamente comprar los productos de su agrado.<\/p>\n<p>\u201cPodemos ver que han llegado muchas personas y que aplica con toda malla curricular donde estamos ense\u00f1\u00e1ndole a los ni\u00f1os emprendimiento\u201d, manifest\u00f3 sobre el evento el docente de la vereda La Arenosa.<\/p>\n<p>En la misma l\u00ednea, los estudiantes mostraron su alegr\u00eda por estos espacios que les permiten proyectarse m\u00e1s all\u00e1 de las labores acad\u00e9micas, \u201cuno puede ir recogiendo fonditos para hacer despu\u00e9s una salida. Nosotros estamos recogiendo para ir al Planetario y el Parque Explora, y las mam\u00e1s nos est\u00e1n colaborando\u201d.<\/p>\n<p>En total 22 sedes educativas del municipio hicieron parte de esta jornada que es, adem\u00e1s, un escenario para potenciar la creaci\u00f3n de empresa en los m\u00e1s peque\u00f1os, generar conciencia ambiental y valorar la diversidad de productos que salen del campo granadino.<\/p>\n","protected":false},"excerpt":{"rendered":"<p>Los emprendimientos estudiantiles se tomaron este viernes 25 de octubre las instalaciones del Parque Educativo&hellip;<\/p>\n","protected":false},"author":2,"featured_media":1226,"comment_status":"open","ping_status":"open","sticky":false,"template":"","format":"standard","meta":{"footnotes":""},"categories":[19],"tags":[48,46,56,55,36,47,40,49],"class_list":["post-1225","post","type-post","status-publish","format-standard","has-post-thumbnail","hentry","category-noticias","tag-campo","tag-colonias-granadinas","tag-educacion","tag-emprendimiento","tag-granada-antioquia","tag-medio-ambiente","tag-ninos","tag-recursos-naturales"],"_links":{"self":[{"href":"https:\/\/www.desdegranada.com\/site\/index.php?rest_route=\/wp\/v2\/posts\/1225","targetHints":{"allow":["GET"]}}],"collection":[{"href":"https:\/\/www.desdegranada.com\/site\/index.php?rest_route=\/wp\/v2\/posts"}],"about":[{"href":"https:\/\/www.desdegranada.com\/site\/index.php?rest_route=\/wp\/v2\/types\/post"}],"author":[{"embeddable":true,"href":"https:\/\/www.desdegranada.com\/site\/index.php?rest_route=\/wp\/v2\/users\/2"}],"replies":[{"embeddable":true,"href":"https:\/\/www.desdegranada.com\/site\/index.php?rest_route=%2Fwp%2Fv2%2Fcomments&post=1225"}],"version-history":[{"count":1,"href":"https:\/\/www.desdegranada.com\/site\/index.php?rest_route=\/wp\/v2\/posts\/1225\/revisions"}],"predecessor-version":[{"id":1227,"href":"https:\/\/www.desdegranada.com\/site\/index.php?rest_route=\/wp\/v2\/posts\/1225\/revisions\/1227"}],"wp:featuredmedia":[{"embeddable":true,"href":"https:\/\/www.desdegranada.com\/site\/index.php?rest_route=\/wp\/v2\/media\/1226"}],"wp:attachment":[{"href":"https:\/\/www.desdegranada.com\/site\/index.php?rest_route=%2Fwp%2Fv2%2Fmedia&parent=1225"}],"wp:term":[{"taxonomy":"category","embeddable":true,"href":"https:\/\/www.desdegranada.com\/site\/index.php?rest_route=%2Fwp%2Fv2%2Fcategories&post=1225"},{"taxonomy":"post_tag","embeddable":true,"href":"https:\/\/www.desdegranada.com\/site\/index.php?rest_route=%2Fwp%2Fv2%2Ftags&post=1225"}],"curies":[{"name":"wp","href":"https:\/\/api.w.org\/{rel}","templated":true}]}}