{"id":1228,"date":"2024-10-25T16:31:16","date_gmt":"2024-10-25T21:31:16","guid":{"rendered":"https:\/\/www.desdegranada.com\/site\/?p=1228"},"modified":"2024-10-25T16:31:16","modified_gmt":"2024-10-25T21:31:16","slug":"adaptacion-a-la-naturaleza","status":"publish","type":"post","link":"https:\/\/www.desdegranada.com\/site\/?p=1228","title":{"rendered":"Adaptaci\u00f3n a la naturaleza"},"content":{"rendered":"<p>A las 11 de la noche del martes 15 de octubre, son\u00f3 un trueno, yo estaba dormido y fue tan fuerte que me despert\u00f3, abr\u00ed los ojos y sorprendido en mi cuarto comenc\u00e9 a realizar varios an\u00e1lisis.<!--more--><\/p>\n<p>Por Jeison A. Giraldo, locutor Granada Stereo.<\/p>\n<p>No me acuerdo con exactitud cuando fue que mi cuerpo se acostumbr\u00f3 a escuchar el sonido de los truenos y tampoco me acuerdo de la respuesta de mis padres cuando comenc\u00e9 a preguntarle por esas cosas naturales que suceden.<\/p>\n<p>Los d\u00edas lluviosos me parec\u00edan incomodos, porque mientras me desplazaba hacia las partes donde deb\u00eda llegar, mis lentes se empa\u00f1aban.<\/p>\n<p>Las nubes y sus figuras me parec\u00edan algo tan bonito, trataba de ver la imagen de Dios en las cosas que el firmamento mostraba.<\/p>\n<p>Tambi\u00e9n me acuerdo de las diferentes peleas que ten\u00eda con los compa\u00f1eros en el k\u00ednder porque todos ten\u00edamos la idea de que la luna caminaba con nosotros, ahora que me acuerdo y me da risa porque en noches de luna llena, yo me paraba y miraba si la luna tambi\u00e9n, luego caminaba y ella ah\u00ed arriba de mi caminaba conmigo.<\/p>\n<p>Le preguntaba a mis pap\u00e1s porque el arco\u00edris no se hac\u00edan detr\u00e1s de la casa siempre que llov\u00eda, pues ya hab\u00eda tenido la oportunidad de verlo detr\u00e1s de la casa al lado de la quebrada.<\/p>\n<p>Todo lo anterior para reflexionar en lo poco detallistas que nos hemos vuelto, en lo com\u00fan que se vuelven las cosas que pasan a nuestro alrededor. Por eso ya nos apasiona m\u00e1s ver amaneceres, atardeceres y todo ese mundo de cosas que nos ofrece la naturaleza por TV.<\/p>\n","protected":false},"excerpt":{"rendered":"<p>A las 11 de la noche del martes 15 de octubre, son\u00f3 un trueno, yo&hellip;<\/p>\n","protected":false},"author":2,"featured_media":1229,"comment_status":"open","ping_status":"open","sticky":false,"template":"","format":"standard","meta":{"footnotes":""},"categories":[20],"tags":[44,45,47,49],"class_list":["post-1228","post","type-post","status-publish","format-standard","has-post-thumbnail","hentry","category-columnistas","tag-columnistas","tag-historias","tag-medio-ambiente","tag-recursos-naturales"],"_links":{"self":[{"href":"https:\/\/www.desdegranada.com\/site\/index.php?rest_route=\/wp\/v2\/posts\/1228","targetHints":{"allow":["GET"]}}],"collection":[{"href":"https:\/\/www.desdegranada.com\/site\/index.php?rest_route=\/wp\/v2\/posts"}],"about":[{"href":"https:\/\/www.desdegranada.com\/site\/index.php?rest_route=\/wp\/v2\/types\/post"}],"author":[{"embeddable":true,"href":"https:\/\/www.desdegranada.com\/site\/index.php?rest_route=\/wp\/v2\/users\/2"}],"replies":[{"embeddable":true,"href":"https:\/\/www.desdegranada.com\/site\/index.php?rest_route=%2Fwp%2Fv2%2Fcomments&post=1228"}],"version-history":[{"count":1,"href":"https:\/\/www.desdegranada.com\/site\/index.php?rest_route=\/wp\/v2\/posts\/1228\/revisions"}],"predecessor-version":[{"id":1230,"href":"https:\/\/www.desdegranada.com\/site\/index.php?rest_route=\/wp\/v2\/posts\/1228\/revisions\/1230"}],"wp:featuredmedia":[{"embeddable":true,"href":"https:\/\/www.desdegranada.com\/site\/index.php?rest_route=\/wp\/v2\/media\/1229"}],"wp:attachment":[{"href":"https:\/\/www.desdegranada.com\/site\/index.php?rest_route=%2Fwp%2Fv2%2Fmedia&parent=1228"}],"wp:term":[{"taxonomy":"category","embeddable":true,"href":"https:\/\/www.desdegranada.com\/site\/index.php?rest_route=%2Fwp%2Fv2%2Fcategories&post=1228"},{"taxonomy":"post_tag","embeddable":true,"href":"https:\/\/www.desdegranada.com\/site\/index.php?rest_route=%2Fwp%2Fv2%2Ftags&post=1228"}],"curies":[{"name":"wp","href":"https:\/\/api.w.org\/{rel}","templated":true}]}}