{"id":1232,"date":"2024-11-02T12:39:32","date_gmt":"2024-11-02T17:39:32","guid":{"rendered":"https:\/\/www.desdegranada.com\/site\/?p=1232"},"modified":"2024-11-02T12:51:49","modified_gmt":"2024-11-02T17:51:49","slug":"la-cascada-el-sabor-dulce-de-granada","status":"publish","type":"post","link":"https:\/\/www.desdegranada.com\/site\/?p=1232","title":{"rendered":"La Cascada, el sabor dulce de Granada"},"content":{"rendered":"<p>La emisora Granada Stereo, visit\u00f3 las veredas Minitas, Reyes y La Cascada para presentar el proyecto \u201cEl arte del movimiento\u201d, una propuesta apoyada por el Ministerio de las Culturas, Las Artes y los Saberes, que pretend\u00eda mostrar el resultado exitoso de horas de ensayo que dio a conocer el talento de un semillero de ni\u00f1os que danzaron y presentaron una obra de teatro en estas veredas.<!--more--><br \/>\nPor: Jeison Giraldo, locutor Granada Stereo.<\/p>\n<p>Luego de la presentaci\u00f3n del proyecto, al final de la jornada, realiz\u00e1bamos un conversatorio con todos los habitantes de las veredas que visitamos, y para mi fue un gusto dirigir el conversatorio en la vereda La Cascada, pues desde mi ni\u00f1ez me la trasegu\u00e9 y, desde siempre, he guardado un cari\u00f1o bonito por esta comunidad.<\/p>\n<p>La cascada es ese hueco est\u00e9tico que se ve a mano izquierda cuando uno va pasando por la vereda El Roble para Santa Ana, adornada de matas de ca\u00f1a y de gente bonita de apellidos Quiceno o Quintero que se han dedicado toda la vida m\u00e1s que todo a la producci\u00f3n de panela.<\/p>\n<p>No deja de ser una de las m\u00e1s habitadas de Granada y sus pobladores unos animados para lo que sea, pues eso lo pudimos evidenciar con todas las actividades que desarrollaron ellos mismos ese d\u00eda para hacer de una forma reciproca el acto cultural. Nos hicieron sentir como en casa.<\/p>\n<p>Mientras realizaba el conversatorio con la profesora Diana Trejos, con Naudin, Iv\u00e1n y Henrry, todos Quiceno, habitantes de la vereda, recordaba tantas cosas que viv\u00ed mientras me iba a acompa\u00f1ar a mi hermana Nubia a comienzos de este siglo, cuando la guerra m\u00e1s cruda se desarrollaba en Granada.<\/p>\n<p>Resulta que para ese tiempo, yo siendo un ni\u00f1o a\u00fan, ten\u00eda que ir hasta La Cascada peri\u00f3dicamente y para nadie es un secreto que esta vereda fue un escenario que permiti\u00f3 a los grupos ilegales realizar actos que no vale la pena recordar. Con escasos 6 a\u00f1os me montaba en la escalera y ten\u00eda que soportar retenes y hasta ver gente armada en el trayecto.<\/p>\n<p>Ir donde mi hermana era un acto de valent\u00eda no solamente para m\u00ed, sino tambi\u00e9n para mis padres porque en ese entonces no hab\u00eda forma de comunicarse para poder confirmar si llegu\u00e9 o no, solamente la fe tranquilizaba al resto de mi familia, porque el p\u00e1nico constante que ten\u00edamos todos en Granada, era que en cualquier momento hubiera un enfrentamiento o cosas por el estilo.<\/p>\n<p>Hoy en d\u00eda, despu\u00e9s de casi 20 a\u00f1os, me pongo a evaluar junto con mi familia la valent\u00eda m\u00eda para poder ir hasta esa vereda solo. Adicional a eso recorrer un camino casi de media hora desde la carretera hasta donde viv\u00eda mi hermana.<\/p>\n<p>Hoy da un gusto ver el progreso que ha tenido esta comunidad, la carretera ya llega hasta la escuela y a pesar de que laciudad siempre tienta a los j\u00f3venes de hoy, no deja de ser productora de panela. Siempre es un gusto visitar esta vereda y recordar todos esos momentos dif\u00edciles que me hicieron un ni\u00f1o valiente.<\/p>\n","protected":false},"excerpt":{"rendered":"<p>La emisora Granada Stereo, visit\u00f3 las veredas Minitas, Reyes y La Cascada para presentar el&hellip;<\/p>\n","protected":false},"author":2,"featured_media":1233,"comment_status":"open","ping_status":"open","sticky":false,"template":"","format":"standard","meta":{"footnotes":""},"categories":[20],"tags":[48,46,36,45,49],"class_list":["post-1232","post","type-post","status-publish","format-standard","has-post-thumbnail","hentry","category-columnistas","tag-campo","tag-colonias-granadinas","tag-granada-antioquia","tag-historias","tag-recursos-naturales"],"_links":{"self":[{"href":"https:\/\/www.desdegranada.com\/site\/index.php?rest_route=\/wp\/v2\/posts\/1232","targetHints":{"allow":["GET"]}}],"collection":[{"href":"https:\/\/www.desdegranada.com\/site\/index.php?rest_route=\/wp\/v2\/posts"}],"about":[{"href":"https:\/\/www.desdegranada.com\/site\/index.php?rest_route=\/wp\/v2\/types\/post"}],"author":[{"embeddable":true,"href":"https:\/\/www.desdegranada.com\/site\/index.php?rest_route=\/wp\/v2\/users\/2"}],"replies":[{"embeddable":true,"href":"https:\/\/www.desdegranada.com\/site\/index.php?rest_route=%2Fwp%2Fv2%2Fcomments&post=1232"}],"version-history":[{"count":1,"href":"https:\/\/www.desdegranada.com\/site\/index.php?rest_route=\/wp\/v2\/posts\/1232\/revisions"}],"predecessor-version":[{"id":1234,"href":"https:\/\/www.desdegranada.com\/site\/index.php?rest_route=\/wp\/v2\/posts\/1232\/revisions\/1234"}],"wp:featuredmedia":[{"embeddable":true,"href":"https:\/\/www.desdegranada.com\/site\/index.php?rest_route=\/wp\/v2\/media\/1233"}],"wp:attachment":[{"href":"https:\/\/www.desdegranada.com\/site\/index.php?rest_route=%2Fwp%2Fv2%2Fmedia&parent=1232"}],"wp:term":[{"taxonomy":"category","embeddable":true,"href":"https:\/\/www.desdegranada.com\/site\/index.php?rest_route=%2Fwp%2Fv2%2Fcategories&post=1232"},{"taxonomy":"post_tag","embeddable":true,"href":"https:\/\/www.desdegranada.com\/site\/index.php?rest_route=%2Fwp%2Fv2%2Ftags&post=1232"}],"curies":[{"name":"wp","href":"https:\/\/api.w.org\/{rel}","templated":true}]}}