{"id":1236,"date":"2024-11-02T14:46:56","date_gmt":"2024-11-02T19:46:56","guid":{"rendered":"https:\/\/www.desdegranada.com\/site\/?p=1236"},"modified":"2024-11-02T14:46:56","modified_gmt":"2024-11-02T19:46:56","slug":"que-esta-pasando-con-la-sociedad-colombiana-y-con-los-ninos","status":"publish","type":"post","link":"https:\/\/www.desdegranada.com\/site\/?p=1236","title":{"rendered":"\u00bfQu\u00e9 est\u00e1 pasando con la sociedad colombiana y con los ni\u00f1os?"},"content":{"rendered":"<p>D\u00eda tras d\u00eda, mientras se conocen noticias de violencia de distinta \u00edndole contra los ni\u00f1os en Colombia, nos preguntamos \u00bfqu\u00e9 est\u00e1 sucediendo en nuestro pa\u00eds?<!--more--><\/p>\n<p>Por: Emerson Vergara, locutor Granada Stereo.<\/p>\n<p>Y es que hoy en d\u00eda, los derechos de los ni\u00f1os est\u00e1n siendo vulnerados de una u otra manera en Colombia sin que los gobernantes se pronuncien con leyes que los protejan, es m\u00e1s, se habla de una ley de rebajas de pena para violadores y asesinos de ni\u00f1os.<\/p>\n<p>\u00bfSer\u00e1 que hacen falta penas como la cadena perpetua para que cese la violencia en contra de nuestros peque\u00f1os en el pa\u00eds?<\/p>\n<p>Y es que, al parecer, los ni\u00f1os ya no se encuentran protegidos ni siquiera en su entorno m\u00e1s cercano, pues en la ciudad de Bogot\u00e1 tristemente conocimos la noticia de que un padre asesino a sus hijos de 2 y 7 a\u00f1os de edad. \u00bfQu\u00e9 clase de enfermo hace esto con sus propios hijos?\u00a0 A este se suman otros tantos casos como el de la ni\u00f1a Sofia en el Valle.<\/p>\n<p>Y es que no es solo violencia sexual o f\u00edsica, estamos hablando de la falta de acceso a la educaci\u00f3n para muchos menores, el estar desprotegidos en la salud, el abandono de su entorno familiar, el exponerlos a situaciones no aptas para menores como trabajos forzados y dem\u00e1s, falta de alimentos, etc.<\/p>\n<p>Parece que a la humanidad dej\u00f3 de importarle la infancia o comenzaron a preocuparse por otros factores que terminaron por desproteger a la ni\u00f1ez. Hay ni\u00f1os en la calle con hambre, sin hogar; eso tambi\u00e9n es violencia de una sociedad enferma, donde se invierten millones en campa\u00f1as pol\u00edticas y dejan con hambre a familias enteras, donde se celebra que hallan rastros de agua en otro planeta y los ni\u00f1os en la Guajira y muchos otros lugares del mundo un sinn\u00famero de infantes muriendo de sed y desnutrici\u00f3n\u2026 eso tambi\u00e9n es violencia contra la infancia.<\/p>\n<p>La sociedad est\u00e1 enferma, pues para muchos que como yo somos padres de familia, nuestros hijos no se encuentran a salvo en ning\u00fan lugar, pues parques, guarder\u00edas, escuelas y hasta su mismo hogar, son lugares que se est\u00e1n pasando a ser escenario para cualquier acto de violencia en contra de ellos.<\/p>\n<p>Ojal\u00e1 que las noticias que escuchamos o vemos no sean de nuevo porque algo malo pas\u00f3 a nuestros hijos y que nosotros como padres brindemos el cuidado necesario para el bienestar de ellos.<\/p>\n<p>Yo cuido de tus hijos, t\u00fa cuidas de los m\u00edos, as\u00ed deber\u00eda ser.<\/p>\n<p>&nbsp;<\/p>\n","protected":false},"excerpt":{"rendered":"<p>D\u00eda tras d\u00eda, mientras se conocen noticias de violencia de distinta \u00edndole contra los ni\u00f1os&hellip;<\/p>\n","protected":false},"author":2,"featured_media":1237,"comment_status":"open","ping_status":"open","sticky":false,"template":"","format":"standard","meta":{"footnotes":""},"categories":[20],"tags":[46,44,56,36,40],"class_list":["post-1236","post","type-post","status-publish","format-standard","has-post-thumbnail","hentry","category-columnistas","tag-colonias-granadinas","tag-columnistas","tag-educacion","tag-granada-antioquia","tag-ninos"],"_links":{"self":[{"href":"https:\/\/www.desdegranada.com\/site\/index.php?rest_route=\/wp\/v2\/posts\/1236","targetHints":{"allow":["GET"]}}],"collection":[{"href":"https:\/\/www.desdegranada.com\/site\/index.php?rest_route=\/wp\/v2\/posts"}],"about":[{"href":"https:\/\/www.desdegranada.com\/site\/index.php?rest_route=\/wp\/v2\/types\/post"}],"author":[{"embeddable":true,"href":"https:\/\/www.desdegranada.com\/site\/index.php?rest_route=\/wp\/v2\/users\/2"}],"replies":[{"embeddable":true,"href":"https:\/\/www.desdegranada.com\/site\/index.php?rest_route=%2Fwp%2Fv2%2Fcomments&post=1236"}],"version-history":[{"count":1,"href":"https:\/\/www.desdegranada.com\/site\/index.php?rest_route=\/wp\/v2\/posts\/1236\/revisions"}],"predecessor-version":[{"id":1238,"href":"https:\/\/www.desdegranada.com\/site\/index.php?rest_route=\/wp\/v2\/posts\/1236\/revisions\/1238"}],"wp:featuredmedia":[{"embeddable":true,"href":"https:\/\/www.desdegranada.com\/site\/index.php?rest_route=\/wp\/v2\/media\/1237"}],"wp:attachment":[{"href":"https:\/\/www.desdegranada.com\/site\/index.php?rest_route=%2Fwp%2Fv2%2Fmedia&parent=1236"}],"wp:term":[{"taxonomy":"category","embeddable":true,"href":"https:\/\/www.desdegranada.com\/site\/index.php?rest_route=%2Fwp%2Fv2%2Fcategories&post=1236"},{"taxonomy":"post_tag","embeddable":true,"href":"https:\/\/www.desdegranada.com\/site\/index.php?rest_route=%2Fwp%2Fv2%2Ftags&post=1236"}],"curies":[{"name":"wp","href":"https:\/\/api.w.org\/{rel}","templated":true}]}}