{"id":1240,"date":"2024-11-16T11:31:14","date_gmt":"2024-11-16T16:31:14","guid":{"rendered":"https:\/\/www.desdegranada.com\/site\/?p=1240"},"modified":"2024-11-16T11:31:14","modified_gmt":"2024-11-16T16:31:14","slug":"mindefensa-lidero-consejo-de-seguridad-humana-desde-granada","status":"publish","type":"post","link":"https:\/\/www.desdegranada.com\/site\/?p=1240","title":{"rendered":"MinDefensa lider\u00f3 Consejo de Seguridad Humana desde Granada"},"content":{"rendered":"<p>En Granada, varias personalidades de los Gobierno nacional, entre ellos el Ministro de Defensa Iv\u00e1n Vel\u00e1squez, adem\u00e1s de fuerzas militares y de polic\u00eda, se reunieron con los mandatarios del Oriente Antioque\u00f1o para desarrollar el Consejo Nacional de Seguridad Humana, un espacio para evaluar este aspecto desde una perspectiva integral y, en conjunto entre el gobierno central y los territorios, plantear soluciones a esta necesidad de la regi\u00f3n.<!--more--><\/p>\n<p>\u201cLo que pretendemos con esto, es vincular la seguridad f\u00edsica del territorio con el mejoramiento de las condiciones de vida de las personas, con los programas sociales que tiene que llevar a cabo el gobierno nacional, pero articulado con los gobiernos territoriales\u201d, resalt\u00f3 el Ministro.<\/p>\n<p>Por su parte Daniel Hoyos, alcalde anfitri\u00f3n, mencion\u00f3 que \u201csabemos que este territorio necesita toda inversi\u00f3n social porque sino va a ser muy dif\u00edcil permitir que avance la paz total\u201d. De la misma manera, Sandra Duque, alcaldesa de El Pe\u00f1ol, resalt\u00f3 la importancia del encuentro, \u201cesta es una forma de unir los territorios. Valoramos mucho que hoy est\u00e9 el gobierno nacional en el municipio de Granada con toda su oferta institucional\u201d.<\/p>\n<p>Inicialmente se desarrollaron mesas de trabajo con la participaci\u00f3n de los secretarios de cada uno de los municipios, siendo esta una posibilidad de acercar la oferta del Gobierno Nacional a cada una de las localidades, adem\u00e1s de analizar problem\u00e1ticas de car\u00e1cter social, econ\u00f3mico, ambiental y pol\u00edtico, y plantear posibles soluciones a trav\u00e9s de proyectos de impacto.<\/p>\n<p>\u201cSe examinaron o plantearon proyectos, necesidades para desarrollar en esta regi\u00f3n que implica para nosotros como Gobierno Nacional el compromiso efectivo como ha sido la disposici\u00f3n del presidente Gustavo Petro\u201d.<\/p>\n<p>Tras el encuentro se har\u00e1 un seguimiento a cada uno de los proyectos planteados por los gobiernos locales y se acord\u00f3, antes del 20 de diciembre, desarrollar un nuevo encuentro regional.<\/p>\n","protected":false},"excerpt":{"rendered":"<p>En Granada, varias personalidades de los Gobierno nacional, entre ellos el Ministro de Defensa Iv\u00e1n&hellip;<\/p>\n","protected":false},"author":2,"featured_media":1241,"comment_status":"open","ping_status":"open","sticky":false,"template":"","format":"standard","meta":{"footnotes":""},"categories":[19],"tags":[46,36,60,59],"class_list":["post-1240","post","type-post","status-publish","format-standard","has-post-thumbnail","hentry","category-noticias","tag-colonias-granadinas","tag-granada-antioquia","tag-oriente-antioqueno","tag-politica"],"_links":{"self":[{"href":"https:\/\/www.desdegranada.com\/site\/index.php?rest_route=\/wp\/v2\/posts\/1240","targetHints":{"allow":["GET"]}}],"collection":[{"href":"https:\/\/www.desdegranada.com\/site\/index.php?rest_route=\/wp\/v2\/posts"}],"about":[{"href":"https:\/\/www.desdegranada.com\/site\/index.php?rest_route=\/wp\/v2\/types\/post"}],"author":[{"embeddable":true,"href":"https:\/\/www.desdegranada.com\/site\/index.php?rest_route=\/wp\/v2\/users\/2"}],"replies":[{"embeddable":true,"href":"https:\/\/www.desdegranada.com\/site\/index.php?rest_route=%2Fwp%2Fv2%2Fcomments&post=1240"}],"version-history":[{"count":1,"href":"https:\/\/www.desdegranada.com\/site\/index.php?rest_route=\/wp\/v2\/posts\/1240\/revisions"}],"predecessor-version":[{"id":1242,"href":"https:\/\/www.desdegranada.com\/site\/index.php?rest_route=\/wp\/v2\/posts\/1240\/revisions\/1242"}],"wp:featuredmedia":[{"embeddable":true,"href":"https:\/\/www.desdegranada.com\/site\/index.php?rest_route=\/wp\/v2\/media\/1241"}],"wp:attachment":[{"href":"https:\/\/www.desdegranada.com\/site\/index.php?rest_route=%2Fwp%2Fv2%2Fmedia&parent=1240"}],"wp:term":[{"taxonomy":"category","embeddable":true,"href":"https:\/\/www.desdegranada.com\/site\/index.php?rest_route=%2Fwp%2Fv2%2Fcategories&post=1240"},{"taxonomy":"post_tag","embeddable":true,"href":"https:\/\/www.desdegranada.com\/site\/index.php?rest_route=%2Fwp%2Fv2%2Ftags&post=1240"}],"curies":[{"name":"wp","href":"https:\/\/api.w.org\/{rel}","templated":true}]}}