{"id":1243,"date":"2024-11-16T15:32:56","date_gmt":"2024-11-16T20:32:56","guid":{"rendered":"https:\/\/www.desdegranada.com\/site\/?p=1243"},"modified":"2024-11-16T15:32:56","modified_gmt":"2024-11-16T20:32:56","slug":"climaco-un-homenaje-a-la-eficiencia","status":"publish","type":"post","link":"https:\/\/www.desdegranada.com\/site\/?p=1243","title":{"rendered":"Climaco, un homenaje a la eficiencia"},"content":{"rendered":"<p>Est\u00e1bamos Climaco y yo preparando una presentaci\u00f3n para un evento que se iba a realizar ese d\u00eda en la plaza; en el kiosko, al lado de Azulejo, estaba Sergio Candelillas, entonces yo como siempre, irreverente, dije: deme un tinto de cuenta de Sergio. Candelillas no solo acept\u00f3 pagar mi tinto, sino que se\u00f1al\u00f3 a Climaco y le pregunt\u00f3: \u00bf\u00bbtres bolas\u00bb que va a tomar?<!--more--><\/p>\n<p>Por: Jeison Giraldo, locutor Granada Stereo.<\/p>\n<p>He escuchado de muchas personas con las que he charlado que, se conoce como \u201ctres bolas\u201d a una persona muy trabajadora, capaz con lo que se venga. Es en el buen sentido de la palabra, la fuerza de tres caballos.<\/p>\n<p>\u00bfTres bolas? \u00bfSergio por qu\u00e9 le dice as\u00ed? Lo cierto fue que desde ese d\u00eda yo comenc\u00e9 a decirle as\u00ed y ya son muchos los que tambi\u00e9n lo apodan de esa forma, los mismos compa\u00f1eros se refieren a \u00e9l as\u00ed. Pero no es de gratis porque la verdad es que el hombre se lo ha sabido ganar.<\/p>\n<p>Dubian Tirito, al mejor estilo de un cazatalentos, logr\u00f3 incorporarlo al equipo de trabajo de la emisora, hace ya un par de a\u00f1os, y \u00a1qu\u00e9 buen apunte el que hizo!<\/p>\n<p>Le decimos tambi\u00e9n Arturito, haciendo menci\u00f3n a ese personaje granadino que hace poco falleci\u00f3 y que tambi\u00e9n se le conoc\u00eda con ese apodo, as\u00ed le digo como para hacerlo m\u00e1s decente delante de los dem\u00e1s, pero Climaco sabe que me refiero a su apodo original.<\/p>\n<p>Climaco es un trabajador muy eficiente, capaz de trabajar en la emisora solo y hacer el trabajo de todos. Se encarga de la emisora, redes sociales y dem\u00e1s, y lo hace a la perfecci\u00f3n. Es un \u201ctres bolas\u201d como dice Sergio Candelillas.<\/p>\n<p>Hoy Climaco se gana una menci\u00f3n por parte de su compa\u00f1ero Mazamorro, porque admiro su forma de trabajar. Felicitaciones Arturito.<\/p>\n","protected":false},"excerpt":{"rendered":"<p>Est\u00e1bamos Climaco y yo preparando una presentaci\u00f3n para un evento que se iba a realizar&hellip;<\/p>\n","protected":false},"author":2,"featured_media":1244,"comment_status":"open","ping_status":"open","sticky":false,"template":"","format":"standard","meta":{"footnotes":""},"categories":[20],"tags":[46,44,45,41,54],"class_list":["post-1243","post","type-post","status-publish","format-standard","has-post-thumbnail","hentry","category-columnistas","tag-colonias-granadinas","tag-columnistas","tag-historias","tag-juventud","tag-medios-de-comunicacion"],"_links":{"self":[{"href":"https:\/\/www.desdegranada.com\/site\/index.php?rest_route=\/wp\/v2\/posts\/1243","targetHints":{"allow":["GET"]}}],"collection":[{"href":"https:\/\/www.desdegranada.com\/site\/index.php?rest_route=\/wp\/v2\/posts"}],"about":[{"href":"https:\/\/www.desdegranada.com\/site\/index.php?rest_route=\/wp\/v2\/types\/post"}],"author":[{"embeddable":true,"href":"https:\/\/www.desdegranada.com\/site\/index.php?rest_route=\/wp\/v2\/users\/2"}],"replies":[{"embeddable":true,"href":"https:\/\/www.desdegranada.com\/site\/index.php?rest_route=%2Fwp%2Fv2%2Fcomments&post=1243"}],"version-history":[{"count":1,"href":"https:\/\/www.desdegranada.com\/site\/index.php?rest_route=\/wp\/v2\/posts\/1243\/revisions"}],"predecessor-version":[{"id":1245,"href":"https:\/\/www.desdegranada.com\/site\/index.php?rest_route=\/wp\/v2\/posts\/1243\/revisions\/1245"}],"wp:featuredmedia":[{"embeddable":true,"href":"https:\/\/www.desdegranada.com\/site\/index.php?rest_route=\/wp\/v2\/media\/1244"}],"wp:attachment":[{"href":"https:\/\/www.desdegranada.com\/site\/index.php?rest_route=%2Fwp%2Fv2%2Fmedia&parent=1243"}],"wp:term":[{"taxonomy":"category","embeddable":true,"href":"https:\/\/www.desdegranada.com\/site\/index.php?rest_route=%2Fwp%2Fv2%2Fcategories&post=1243"},{"taxonomy":"post_tag","embeddable":true,"href":"https:\/\/www.desdegranada.com\/site\/index.php?rest_route=%2Fwp%2Fv2%2Ftags&post=1243"}],"curies":[{"name":"wp","href":"https:\/\/api.w.org\/{rel}","templated":true}]}}