{"id":1246,"date":"2024-11-16T16:52:24","date_gmt":"2024-11-16T21:52:24","guid":{"rendered":"https:\/\/www.desdegranada.com\/site\/?p=1246"},"modified":"2024-11-16T16:52:24","modified_gmt":"2024-11-16T21:52:24","slug":"seis-cafeteros-de-granada-y-el-oriente-antioqueno-fueron-galardonados-en-el-septimo-concurso-de-cafe-tejipaz","status":"publish","type":"post","link":"https:\/\/www.desdegranada.com\/site\/?p=1246","title":{"rendered":"Seis cafeteros de Granada y el Oriente Antioque\u00f1o fueron galardonados en el s\u00e9ptimo concurso de caf\u00e9 Tejipaz"},"content":{"rendered":"<p>La clausura y premiaci\u00f3n de la s\u00e9ptima versi\u00f3n del concurso de caf\u00e9, que desde hace ya siete a\u00f1os ha venido liderando la organizaci\u00f3n Tejipaz, estuvo acompa\u00f1ada del fr\u00edo propio de los \u00faltimos d\u00edas de octubre y la primera parte de noviembre.<!--more--><\/p>\n<p>Este es el escenario perfecto para degustar un buen tinto y otros productos de emprendedores granadinos, adem\u00e1s de la oportunidad de conocer el trabajo que viene realizando Tejipaz con los campesinos granadinos y de la regi\u00f3n.<\/p>\n<p>Seis de los diecisiete caf\u00e9s participantes fueron premiados en el marco de este evento que, en Granada, se le ha denominado el mes del caf\u00e9. As\u00ed mismo, Tejipaz present\u00f3 el balance de su quehacer a lo largo del a\u00f1o 2024, en el que destaca la b\u00fasqueda de aliados para seguir fortaleciendo el campo y mejorando los procesos productivos de los campesinos.<\/p>\n<p>Como ha sido costumbre en los \u00faltimos a\u00f1os, con los participantes del concurso, las instituciones y todos los asistentes, se adelant\u00f3 la celebraci\u00f3n de la navidad con el tradicional natilla de caf\u00e9.<\/p>\n","protected":false},"excerpt":{"rendered":"<p>La clausura y premiaci\u00f3n de la s\u00e9ptima versi\u00f3n del concurso de caf\u00e9, que desde hace&hellip;<\/p>\n","protected":false},"author":2,"featured_media":1247,"comment_status":"open","ping_status":"open","sticky":false,"template":"","format":"standard","meta":{"footnotes":""},"categories":[19],"tags":[48,46,56,55,36],"class_list":["post-1246","post","type-post","status-publish","format-standard","has-post-thumbnail","hentry","category-noticias","tag-campo","tag-colonias-granadinas","tag-educacion","tag-emprendimiento","tag-granada-antioquia"],"_links":{"self":[{"href":"https:\/\/www.desdegranada.com\/site\/index.php?rest_route=\/wp\/v2\/posts\/1246","targetHints":{"allow":["GET"]}}],"collection":[{"href":"https:\/\/www.desdegranada.com\/site\/index.php?rest_route=\/wp\/v2\/posts"}],"about":[{"href":"https:\/\/www.desdegranada.com\/site\/index.php?rest_route=\/wp\/v2\/types\/post"}],"author":[{"embeddable":true,"href":"https:\/\/www.desdegranada.com\/site\/index.php?rest_route=\/wp\/v2\/users\/2"}],"replies":[{"embeddable":true,"href":"https:\/\/www.desdegranada.com\/site\/index.php?rest_route=%2Fwp%2Fv2%2Fcomments&post=1246"}],"version-history":[{"count":1,"href":"https:\/\/www.desdegranada.com\/site\/index.php?rest_route=\/wp\/v2\/posts\/1246\/revisions"}],"predecessor-version":[{"id":1248,"href":"https:\/\/www.desdegranada.com\/site\/index.php?rest_route=\/wp\/v2\/posts\/1246\/revisions\/1248"}],"wp:featuredmedia":[{"embeddable":true,"href":"https:\/\/www.desdegranada.com\/site\/index.php?rest_route=\/wp\/v2\/media\/1247"}],"wp:attachment":[{"href":"https:\/\/www.desdegranada.com\/site\/index.php?rest_route=%2Fwp%2Fv2%2Fmedia&parent=1246"}],"wp:term":[{"taxonomy":"category","embeddable":true,"href":"https:\/\/www.desdegranada.com\/site\/index.php?rest_route=%2Fwp%2Fv2%2Fcategories&post=1246"},{"taxonomy":"post_tag","embeddable":true,"href":"https:\/\/www.desdegranada.com\/site\/index.php?rest_route=%2Fwp%2Fv2%2Ftags&post=1246"}],"curies":[{"name":"wp","href":"https:\/\/api.w.org\/{rel}","templated":true}]}}