{"id":1249,"date":"2024-11-22T17:57:32","date_gmt":"2024-11-22T22:57:32","guid":{"rendered":"https:\/\/www.desdegranada.com\/site\/?p=1249"},"modified":"2024-11-22T17:57:32","modified_gmt":"2024-11-22T22:57:32","slug":"promocion-2024-97-jovenes-recibieron-su-diploma-de-bachilleres","status":"publish","type":"post","link":"https:\/\/www.desdegranada.com\/site\/?p=1249","title":{"rendered":"Promoci\u00f3n 2024: 97 j\u00f3venes recibieron su diploma de bachilleres"},"content":{"rendered":"<p>Con la eucarist\u00eda que tuvo lugar el pasado jueves 21 de noviembre en horas de la tarde, el camino que hace once a\u00f1os, o un poco m\u00e1s, iniciaron a recorrer 97 j\u00f3venes de Granada, toc\u00f3 uno de los puntos de llegada, previo a la ceremonia de proclamaci\u00f3n de bachilleres 2024.<!--more--><\/p>\n<p>Ya este viernes, el aula m\u00faltiple San Francisco de As\u00eds, de la Instituci\u00f3n Educativa Jorge Alberto G\u00f3mez, engalanada para la ocasi\u00f3n, acogi\u00f3, quiz\u00e1 por \u00faltima vez, a este grupo de estudiantes del grado once acompa\u00f1ados de los docentes, representantes de las instituciones municipales y sus seres queridos m\u00e1s cercanos en el momento en el que recibieron el diploma de bachilleres, premio a un trayecto ya avanzado, pero que no es el destino final y que los pone en la sociedad para continuar con su formaci\u00f3n acad\u00e9mica o cumplir otros roles de acuerdo a sus proyectos de vida.<\/p>\n<p>La promoci\u00f3n N\u00b0 53 de INEJAGO cont\u00f3 con graduandos del bachillerato campesino, el CLEI 6, adem\u00e1s de las sedes Santa Ana, El Ed\u00e9n, Las Faldas, y por supuesto la sede principal de la instituci\u00f3n educativa.<\/p>\n","protected":false},"excerpt":{"rendered":"<p>Con la eucarist\u00eda que tuvo lugar el pasado jueves 21 de noviembre en horas de&hellip;<\/p>\n","protected":false},"author":2,"featured_media":1250,"comment_status":"open","ping_status":"open","sticky":false,"template":"","format":"standard","meta":{"footnotes":""},"categories":[19],"tags":[48,46,56,36,41],"class_list":["post-1249","post","type-post","status-publish","format-standard","has-post-thumbnail","hentry","category-noticias","tag-campo","tag-colonias-granadinas","tag-educacion","tag-granada-antioquia","tag-juventud"],"_links":{"self":[{"href":"https:\/\/www.desdegranada.com\/site\/index.php?rest_route=\/wp\/v2\/posts\/1249","targetHints":{"allow":["GET"]}}],"collection":[{"href":"https:\/\/www.desdegranada.com\/site\/index.php?rest_route=\/wp\/v2\/posts"}],"about":[{"href":"https:\/\/www.desdegranada.com\/site\/index.php?rest_route=\/wp\/v2\/types\/post"}],"author":[{"embeddable":true,"href":"https:\/\/www.desdegranada.com\/site\/index.php?rest_route=\/wp\/v2\/users\/2"}],"replies":[{"embeddable":true,"href":"https:\/\/www.desdegranada.com\/site\/index.php?rest_route=%2Fwp%2Fv2%2Fcomments&post=1249"}],"version-history":[{"count":1,"href":"https:\/\/www.desdegranada.com\/site\/index.php?rest_route=\/wp\/v2\/posts\/1249\/revisions"}],"predecessor-version":[{"id":1251,"href":"https:\/\/www.desdegranada.com\/site\/index.php?rest_route=\/wp\/v2\/posts\/1249\/revisions\/1251"}],"wp:featuredmedia":[{"embeddable":true,"href":"https:\/\/www.desdegranada.com\/site\/index.php?rest_route=\/wp\/v2\/media\/1250"}],"wp:attachment":[{"href":"https:\/\/www.desdegranada.com\/site\/index.php?rest_route=%2Fwp%2Fv2%2Fmedia&parent=1249"}],"wp:term":[{"taxonomy":"category","embeddable":true,"href":"https:\/\/www.desdegranada.com\/site\/index.php?rest_route=%2Fwp%2Fv2%2Fcategories&post=1249"},{"taxonomy":"post_tag","embeddable":true,"href":"https:\/\/www.desdegranada.com\/site\/index.php?rest_route=%2Fwp%2Fv2%2Ftags&post=1249"}],"curies":[{"name":"wp","href":"https:\/\/api.w.org\/{rel}","templated":true}]}}