{"id":1252,"date":"2024-11-23T12:14:58","date_gmt":"2024-11-23T17:14:58","guid":{"rendered":"https:\/\/www.desdegranada.com\/site\/?p=1252"},"modified":"2024-11-23T12:14:58","modified_gmt":"2024-11-23T17:14:58","slug":"25-jovenes-granadinos-victimas-de-la-violencia-recibieron-su-libreta-militar","status":"publish","type":"post","link":"https:\/\/www.desdegranada.com\/site\/?p=1252","title":{"rendered":"25 j\u00f3venes granadinos v\u00edctimas de la violencia recibieron su libreta militar"},"content":{"rendered":"<p>En un evento simb\u00f3lico, que tuvo lugar este s\u00e1bado 23 de noviembre, 25 hombres de Granada, de entre 18 y 49 a\u00f1os, v\u00edctimas del conflicto armado, recibieron su libreta militar, una apuesta por avanzar en las medidas de reparaci\u00f3n contempladas en la Ley 1448 de v\u00edctimas, adem\u00e1s de brindar, con la entrega de este documento, mayores posibilidades de acceso a educaci\u00f3n y empleo para cada uno de los beneficiarios.<!--more--><\/p>\n<p>\u201cMe parece muy importante porque esto me puede servir para temas del estudio o del trabajo\u201d, manifest\u00f3 tras recibir su documento Andr\u00e9s Felipe Aristiz\u00e1bal.<\/p>\n<p>Nelson Escudero, padre de uno de los j\u00f3venes beneficiados, resalt\u00f3 tambi\u00e9n la importancia de que cada joven tenga su libreta, \u201ces esencial para presentarla en una empresa donde usted va a laborar, tambi\u00e9n la exigen en los estudios universitarios. Han dado un paso muy grande estos j\u00f3venes que hoy reciben esta libreta militar y yo creo que aqu\u00ed se les abren nuevos caminos\u201d.<\/p>\n<p>Esta entrega es posible gracias a un esfuerzo conjunto realizado entre el Ej\u00e9rcito Nacional y la administraci\u00f3n municipal, por intermedio de la Unidad Municipal de Atenci\u00f3n a V\u00edctimas, con lo que se busca que la poblaci\u00f3n granadina tenga mayores garant\u00edas al momento de desarrollar su proyecto de vida.<\/p>\n<p>\u201cQueremos que la poblaci\u00f3n granadina, especialmente los j\u00f3venes puedan resolver esta situaci\u00f3n y decidir qu\u00e9 quieren avanzar con sus vidas\u201d, dijo el alcalde municipal Daniel Hoyos sobre esta jornada.<\/p>\n","protected":false},"excerpt":{"rendered":"<p>En un evento simb\u00f3lico, que tuvo lugar este s\u00e1bado 23 de noviembre, 25 hombres de&hellip;<\/p>\n","protected":false},"author":2,"featured_media":1253,"comment_status":"open","ping_status":"open","sticky":false,"template":"","format":"standard","meta":{"footnotes":""},"categories":[19],"tags":[48,46,36,41,59],"class_list":["post-1252","post","type-post","status-publish","format-standard","has-post-thumbnail","hentry","category-noticias","tag-campo","tag-colonias-granadinas","tag-granada-antioquia","tag-juventud","tag-politica"],"_links":{"self":[{"href":"https:\/\/www.desdegranada.com\/site\/index.php?rest_route=\/wp\/v2\/posts\/1252","targetHints":{"allow":["GET"]}}],"collection":[{"href":"https:\/\/www.desdegranada.com\/site\/index.php?rest_route=\/wp\/v2\/posts"}],"about":[{"href":"https:\/\/www.desdegranada.com\/site\/index.php?rest_route=\/wp\/v2\/types\/post"}],"author":[{"embeddable":true,"href":"https:\/\/www.desdegranada.com\/site\/index.php?rest_route=\/wp\/v2\/users\/2"}],"replies":[{"embeddable":true,"href":"https:\/\/www.desdegranada.com\/site\/index.php?rest_route=%2Fwp%2Fv2%2Fcomments&post=1252"}],"version-history":[{"count":1,"href":"https:\/\/www.desdegranada.com\/site\/index.php?rest_route=\/wp\/v2\/posts\/1252\/revisions"}],"predecessor-version":[{"id":1254,"href":"https:\/\/www.desdegranada.com\/site\/index.php?rest_route=\/wp\/v2\/posts\/1252\/revisions\/1254"}],"wp:featuredmedia":[{"embeddable":true,"href":"https:\/\/www.desdegranada.com\/site\/index.php?rest_route=\/wp\/v2\/media\/1253"}],"wp:attachment":[{"href":"https:\/\/www.desdegranada.com\/site\/index.php?rest_route=%2Fwp%2Fv2%2Fmedia&parent=1252"}],"wp:term":[{"taxonomy":"category","embeddable":true,"href":"https:\/\/www.desdegranada.com\/site\/index.php?rest_route=%2Fwp%2Fv2%2Fcategories&post=1252"},{"taxonomy":"post_tag","embeddable":true,"href":"https:\/\/www.desdegranada.com\/site\/index.php?rest_route=%2Fwp%2Fv2%2Ftags&post=1252"}],"curies":[{"name":"wp","href":"https:\/\/api.w.org\/{rel}","templated":true}]}}