{"id":1256,"date":"2024-11-30T17:02:32","date_gmt":"2024-11-30T22:02:32","guid":{"rendered":"https:\/\/www.desdegranada.com\/site\/?p=1256"},"modified":"2024-11-30T17:02:32","modified_gmt":"2024-11-30T22:02:32","slug":"familiares-de-personas-desaparecidas-se-congregaron-en-la-primera-asamblea-de-buscadores","status":"publish","type":"post","link":"https:\/\/www.desdegranada.com\/site\/?p=1256","title":{"rendered":"Familiares de personas desaparecidas se congregaron en la primera asamblea de buscadores"},"content":{"rendered":"<p>Como una iniciativa ciudadana, se desarroll\u00f3 en Granada la 1\u00b0 Asamblea de Familias y Personas Buscadoras, un encuentro cuyo prop\u00f3sito es tejer lazos alrededor de la b\u00fasqueda de todas las personas dadas por desaparecidas y con el que se pretende continuar sumando esfuerzos para avanzar hacia este fin.<!--more--><\/p>\n<p>Este espacio sirvi\u00f3 adem\u00e1s para clarificar conceptos y conocer el trabajo que desde las instituciones del estado y organismos internacionales se viene haciendo para atender y reparar a las v\u00edctimas de esta forma de violencia.<\/p>\n<p>En los pr\u00f3ximos d\u00edas la unidad de b\u00fasqueda de personas dadas por desaparecidas continuar\u00e1 con la intervenci\u00f3n en varios cementerios del oriente antioque\u00f1o entre los que se encuentra tambi\u00e9n el del municipio de Granada.<\/p>\n<p>El encuentro cont\u00f3 con el apoyo del Comit\u00e9 Municipal de Apoyo a la B\u00fasqueda, la Corporaci\u00f3n Regi\u00f3n y otras entidades locales.<\/p>\n","protected":false},"excerpt":{"rendered":"<p>Como una iniciativa ciudadana, se desarroll\u00f3 en Granada la 1\u00b0 Asamblea de Familias y Personas&hellip;<\/p>\n","protected":false},"author":2,"featured_media":1257,"comment_status":"open","ping_status":"open","sticky":false,"template":"","format":"standard","meta":{"footnotes":""},"categories":[19],"tags":[48,46,56,36,60,59],"class_list":["post-1256","post","type-post","status-publish","format-standard","has-post-thumbnail","hentry","category-noticias","tag-campo","tag-colonias-granadinas","tag-educacion","tag-granada-antioquia","tag-oriente-antioqueno","tag-politica"],"_links":{"self":[{"href":"https:\/\/www.desdegranada.com\/site\/index.php?rest_route=\/wp\/v2\/posts\/1256","targetHints":{"allow":["GET"]}}],"collection":[{"href":"https:\/\/www.desdegranada.com\/site\/index.php?rest_route=\/wp\/v2\/posts"}],"about":[{"href":"https:\/\/www.desdegranada.com\/site\/index.php?rest_route=\/wp\/v2\/types\/post"}],"author":[{"embeddable":true,"href":"https:\/\/www.desdegranada.com\/site\/index.php?rest_route=\/wp\/v2\/users\/2"}],"replies":[{"embeddable":true,"href":"https:\/\/www.desdegranada.com\/site\/index.php?rest_route=%2Fwp%2Fv2%2Fcomments&post=1256"}],"version-history":[{"count":1,"href":"https:\/\/www.desdegranada.com\/site\/index.php?rest_route=\/wp\/v2\/posts\/1256\/revisions"}],"predecessor-version":[{"id":1258,"href":"https:\/\/www.desdegranada.com\/site\/index.php?rest_route=\/wp\/v2\/posts\/1256\/revisions\/1258"}],"wp:featuredmedia":[{"embeddable":true,"href":"https:\/\/www.desdegranada.com\/site\/index.php?rest_route=\/wp\/v2\/media\/1257"}],"wp:attachment":[{"href":"https:\/\/www.desdegranada.com\/site\/index.php?rest_route=%2Fwp%2Fv2%2Fmedia&parent=1256"}],"wp:term":[{"taxonomy":"category","embeddable":true,"href":"https:\/\/www.desdegranada.com\/site\/index.php?rest_route=%2Fwp%2Fv2%2Fcategories&post=1256"},{"taxonomy":"post_tag","embeddable":true,"href":"https:\/\/www.desdegranada.com\/site\/index.php?rest_route=%2Fwp%2Fv2%2Ftags&post=1256"}],"curies":[{"name":"wp","href":"https:\/\/api.w.org\/{rel}","templated":true}]}}