{"id":1260,"date":"2024-12-13T12:20:03","date_gmt":"2024-12-13T17:20:03","guid":{"rendered":"https:\/\/www.desdegranada.com\/site\/?p=1260"},"modified":"2024-12-13T12:20:03","modified_gmt":"2024-12-13T17:20:03","slug":"tras-retornar-con-apoyo-de-la-alcaldia-de-medellin-9-familias-granadinas-iniciaran-sus-proyectos-productivos","status":"publish","type":"post","link":"https:\/\/www.desdegranada.com\/site\/?p=1260","title":{"rendered":"Tras retornar con apoyo de la Alcald\u00eda de Medell\u00edn 9 familias granadinas iniciar\u00e1n sus proyectos productivos"},"content":{"rendered":"<p>La gesti\u00f3n de la administraci\u00f3n municipal de Granada y la voluntad de la alcald\u00eda de Medell\u00edn han hecho posible que 9 familias granadinas desplazadas en la \u00e9poca m\u00e1s cruda del conflicto armado retornen a su tierra y puedan relanzar sus proyectos de vida.<!--more--><\/p>\n<p>Mejoramiento de vivienda, proyectos productivos y emprendimientos, son algunas de las apuestas de las familias, con los que buscan arraigarse nuevamente en el territorio y para mejorar sus condiciones de vida.<\/p>\n<p>En todo el proceso, la alcald\u00eda de Medell\u00edn no solo ha brindado un aporte econ\u00f3mico o insumos para la ejecuci\u00f3n de los proyectos de cada una de las familias, sino que tambi\u00e9n, en articulaci\u00f3n con el municipio de Granada han brindado acompa\u00f1amiento psicosocial a las personas que lo han requerido.<\/p>\n","protected":false},"excerpt":{"rendered":"<p>La gesti\u00f3n de la administraci\u00f3n municipal de Granada y la voluntad de la alcald\u00eda de&hellip;<\/p>\n","protected":false},"author":2,"featured_media":1261,"comment_status":"open","ping_status":"open","sticky":false,"template":"","format":"standard","meta":{"footnotes":""},"categories":[19],"tags":[48,46,55,36,60,42],"class_list":["post-1260","post","type-post","status-publish","format-standard","has-post-thumbnail","hentry","category-noticias","tag-campo","tag-colonias-granadinas","tag-emprendimiento","tag-granada-antioquia","tag-oriente-antioqueno","tag-retorno"],"_links":{"self":[{"href":"https:\/\/www.desdegranada.com\/site\/index.php?rest_route=\/wp\/v2\/posts\/1260","targetHints":{"allow":["GET"]}}],"collection":[{"href":"https:\/\/www.desdegranada.com\/site\/index.php?rest_route=\/wp\/v2\/posts"}],"about":[{"href":"https:\/\/www.desdegranada.com\/site\/index.php?rest_route=\/wp\/v2\/types\/post"}],"author":[{"embeddable":true,"href":"https:\/\/www.desdegranada.com\/site\/index.php?rest_route=\/wp\/v2\/users\/2"}],"replies":[{"embeddable":true,"href":"https:\/\/www.desdegranada.com\/site\/index.php?rest_route=%2Fwp%2Fv2%2Fcomments&post=1260"}],"version-history":[{"count":1,"href":"https:\/\/www.desdegranada.com\/site\/index.php?rest_route=\/wp\/v2\/posts\/1260\/revisions"}],"predecessor-version":[{"id":1262,"href":"https:\/\/www.desdegranada.com\/site\/index.php?rest_route=\/wp\/v2\/posts\/1260\/revisions\/1262"}],"wp:featuredmedia":[{"embeddable":true,"href":"https:\/\/www.desdegranada.com\/site\/index.php?rest_route=\/wp\/v2\/media\/1261"}],"wp:attachment":[{"href":"https:\/\/www.desdegranada.com\/site\/index.php?rest_route=%2Fwp%2Fv2%2Fmedia&parent=1260"}],"wp:term":[{"taxonomy":"category","embeddable":true,"href":"https:\/\/www.desdegranada.com\/site\/index.php?rest_route=%2Fwp%2Fv2%2Fcategories&post=1260"},{"taxonomy":"post_tag","embeddable":true,"href":"https:\/\/www.desdegranada.com\/site\/index.php?rest_route=%2Fwp%2Fv2%2Ftags&post=1260"}],"curies":[{"name":"wp","href":"https:\/\/api.w.org\/{rel}","templated":true}]}}