{"id":1263,"date":"2024-12-13T12:38:18","date_gmt":"2024-12-13T17:38:18","guid":{"rendered":"https:\/\/www.desdegranada.com\/site\/?p=1263"},"modified":"2024-12-13T12:38:18","modified_gmt":"2024-12-13T17:38:18","slug":"granada-acogio-proyecto-piloto-de-reparacion-de-estufas-eficientes-con-cornare","status":"publish","type":"post","link":"https:\/\/www.desdegranada.com\/site\/?p=1263","title":{"rendered":"Granada acogi\u00f3 proyecto piloto de reparaci\u00f3n de estufas eficientes con Cornare"},"content":{"rendered":"<p>Enmarcado en la clausura del proyecto de reparaci\u00f3n de estufas eficientes apoyado por Cornare, la corporaci\u00f3n anunci\u00f3 en presencia de campesinos, la administraci\u00f3n municipal la firma de un convenio por m\u00e1s cinco mil quinientos millones de pesos que se destinar\u00e1 a fortalecer proyectos medioambientales en la localidad.<!--more--><\/p>\n<p>119 familias de las diferentes veredas del municipio fueron beneficiadas de la reparaci\u00f3n de las estufas eficientes permiti\u00e9ndoles mejorar su calidad de vida al momento de preparar los alimentos.<\/p>\n<p>Los campesinos beneficiados reconocen la importancia de estas alianzas estrat\u00e9gicas y agradecen la gesti\u00f3n de la administraci\u00f3n en este caso ante Cornare.<\/p>\n<p>El reconocimiento y apoyo que los campesinos han tenido por parte de Cornare y las administraciones municipales desde hace ya varios a\u00f1os, se ha visto respaldado con el compromiso a la hora de proteger y utilizar de manera responsable los recursos naturales en sus comunidades.<\/p>\n","protected":false},"excerpt":{"rendered":"<p>Enmarcado en la clausura del proyecto de reparaci\u00f3n de estufas eficientes apoyado por Cornare, la&hellip;<\/p>\n","protected":false},"author":2,"featured_media":1264,"comment_status":"open","ping_status":"open","sticky":false,"template":"","format":"standard","meta":{"footnotes":""},"categories":[19],"tags":[48,46,36,47,60,49],"class_list":["post-1263","post","type-post","status-publish","format-standard","has-post-thumbnail","hentry","category-noticias","tag-campo","tag-colonias-granadinas","tag-granada-antioquia","tag-medio-ambiente","tag-oriente-antioqueno","tag-recursos-naturales"],"_links":{"self":[{"href":"https:\/\/www.desdegranada.com\/site\/index.php?rest_route=\/wp\/v2\/posts\/1263","targetHints":{"allow":["GET"]}}],"collection":[{"href":"https:\/\/www.desdegranada.com\/site\/index.php?rest_route=\/wp\/v2\/posts"}],"about":[{"href":"https:\/\/www.desdegranada.com\/site\/index.php?rest_route=\/wp\/v2\/types\/post"}],"author":[{"embeddable":true,"href":"https:\/\/www.desdegranada.com\/site\/index.php?rest_route=\/wp\/v2\/users\/2"}],"replies":[{"embeddable":true,"href":"https:\/\/www.desdegranada.com\/site\/index.php?rest_route=%2Fwp%2Fv2%2Fcomments&post=1263"}],"version-history":[{"count":1,"href":"https:\/\/www.desdegranada.com\/site\/index.php?rest_route=\/wp\/v2\/posts\/1263\/revisions"}],"predecessor-version":[{"id":1265,"href":"https:\/\/www.desdegranada.com\/site\/index.php?rest_route=\/wp\/v2\/posts\/1263\/revisions\/1265"}],"wp:featuredmedia":[{"embeddable":true,"href":"https:\/\/www.desdegranada.com\/site\/index.php?rest_route=\/wp\/v2\/media\/1264"}],"wp:attachment":[{"href":"https:\/\/www.desdegranada.com\/site\/index.php?rest_route=%2Fwp%2Fv2%2Fmedia&parent=1263"}],"wp:term":[{"taxonomy":"category","embeddable":true,"href":"https:\/\/www.desdegranada.com\/site\/index.php?rest_route=%2Fwp%2Fv2%2Fcategories&post=1263"},{"taxonomy":"post_tag","embeddable":true,"href":"https:\/\/www.desdegranada.com\/site\/index.php?rest_route=%2Fwp%2Fv2%2Ftags&post=1263"}],"curies":[{"name":"wp","href":"https:\/\/api.w.org\/{rel}","templated":true}]}}