{"id":1296,"date":"2025-01-20T11:02:39","date_gmt":"2025-01-20T16:02:39","guid":{"rendered":"https:\/\/www.desdegranada.com\/site\/?p=1296"},"modified":"2025-01-20T11:02:39","modified_gmt":"2025-01-20T16:02:39","slug":"una-camioneta-se-volco-cerca-al-hospital-no-se-registraron-lesionados","status":"publish","type":"post","link":"https:\/\/www.desdegranada.com\/site\/?p=1296","title":{"rendered":"Una camioneta se volc\u00f3 cerca al hospital. No se registraron lesionados"},"content":{"rendered":"<div class=\"xdj266r x11i5rnm xat24cr x1mh8g0r x1vvkbs x126k92a\">\n<div dir=\"auto\">El pasado domingo 19 de enero sobre las 11:30a.m., un veh\u00edculo, tipo camioneta, que se encontraba estacionado sobre la v\u00eda, cerca al servicio de odontolog\u00eda del Hospital Padre Clemente Giraldo, se volc\u00f3 cuando su propietario intentaba arrancarlo.<\/div>\n<\/div>\n<p><!--more--><\/p>\n<div dir=\"auto\">De acuerdo a las versiones de las autoridades, el conductor perdi\u00f3 el control del veh\u00edculo y coilision\u00f3 contra una vivienda, afectando dos medidores de gas domiciliario y cerrando la v\u00eda por algunas horas. El Cuerpo de Bomberos Voluntarios de Granada, la polic\u00eda y la inspecci\u00f3n de tr\u00e1nsito fueron alertado sobre este incidente y de inmediato se dirigieron al sitio para evaluar la situaci\u00f3n y brindar apoyo.<\/div>\n<div dir=\"auto\">\u00abLlegamos cuatro unidades al lugar, encontrando volcamiento con derrame de combustible. Se hizo el control del combustible y se report\u00f3 a EPM la ruptura en una red de gas para su respectiva reparaci\u00f3n. Mientras tanto el propietario del automotor fue evaluado\u00a0 en el hospital\u00bb, explic\u00f3 Paola Zapata, comandante del cuerpo de bomberos.<\/div>\n<div dir=\"auto\">Adem\u00e1s de los medidores de gas, una motocicleta fue impactada luego del rodamiento del automotor, sin reporte de personas lesionadas.<\/div>\n","protected":false},"excerpt":{"rendered":"<p>El pasado domingo 19 de enero sobre las 11:30a.m., un veh\u00edculo, tipo camioneta, que se&hellip;<\/p>\n","protected":false},"author":2,"featured_media":1297,"comment_status":"open","ping_status":"open","sticky":false,"template":"","format":"standard","meta":{"footnotes":""},"categories":[19],"tags":[46,36,53,60,52],"class_list":["post-1296","post","type-post","status-publish","format-standard","has-post-thumbnail","hentry","category-noticias","tag-colonias-granadinas","tag-granada-antioquia","tag-movilidad","tag-oriente-antioqueno","tag-transporte"],"_links":{"self":[{"href":"https:\/\/www.desdegranada.com\/site\/index.php?rest_route=\/wp\/v2\/posts\/1296","targetHints":{"allow":["GET"]}}],"collection":[{"href":"https:\/\/www.desdegranada.com\/site\/index.php?rest_route=\/wp\/v2\/posts"}],"about":[{"href":"https:\/\/www.desdegranada.com\/site\/index.php?rest_route=\/wp\/v2\/types\/post"}],"author":[{"embeddable":true,"href":"https:\/\/www.desdegranada.com\/site\/index.php?rest_route=\/wp\/v2\/users\/2"}],"replies":[{"embeddable":true,"href":"https:\/\/www.desdegranada.com\/site\/index.php?rest_route=%2Fwp%2Fv2%2Fcomments&post=1296"}],"version-history":[{"count":1,"href":"https:\/\/www.desdegranada.com\/site\/index.php?rest_route=\/wp\/v2\/posts\/1296\/revisions"}],"predecessor-version":[{"id":1298,"href":"https:\/\/www.desdegranada.com\/site\/index.php?rest_route=\/wp\/v2\/posts\/1296\/revisions\/1298"}],"wp:featuredmedia":[{"embeddable":true,"href":"https:\/\/www.desdegranada.com\/site\/index.php?rest_route=\/wp\/v2\/media\/1297"}],"wp:attachment":[{"href":"https:\/\/www.desdegranada.com\/site\/index.php?rest_route=%2Fwp%2Fv2%2Fmedia&parent=1296"}],"wp:term":[{"taxonomy":"category","embeddable":true,"href":"https:\/\/www.desdegranada.com\/site\/index.php?rest_route=%2Fwp%2Fv2%2Fcategories&post=1296"},{"taxonomy":"post_tag","embeddable":true,"href":"https:\/\/www.desdegranada.com\/site\/index.php?rest_route=%2Fwp%2Fv2%2Ftags&post=1296"}],"curies":[{"name":"wp","href":"https:\/\/api.w.org\/{rel}","templated":true}]}}