{"id":1301,"date":"2025-01-22T09:43:20","date_gmt":"2025-01-22T14:43:20","guid":{"rendered":"https:\/\/www.desdegranada.com\/site\/?p=1301"},"modified":"2025-01-22T09:43:20","modified_gmt":"2025-01-22T14:43:20","slug":"escuela-de-futbol-de-coogranada-inicio-actividades","status":"publish","type":"post","link":"https:\/\/www.desdegranada.com\/site\/?p=1301","title":{"rendered":"Escuela de F\u00fatbol de Coogranada inici\u00f3 actividades"},"content":{"rendered":"<p>Con el avance del nuevo a\u00f1o, van tomando su din\u00e1mica los diferentes procesos que tienen lugar en el municipio, entre ellos los programas formativos de lidera la cooperativa Coogranada por medio de su fundaci\u00f3n. En este caso puntual, ha iniciado actividades la escuela de f\u00fatbol Coogranada, que desde el pasado 13 de enero nuevamente es una alternativa para la formaci\u00f3n personal y la pr\u00e1ctica deportiva de ni\u00f1os y j\u00f3venes granadinos.<!--more--><\/p>\n<p>Como cada a\u00f1o, y por los resultados obtenidos en 2024 en el Torneo Imer, las expectativas en este 2025 pasan por continuar fortaleciendo cada una de las categor\u00edas en cuanto a fundamentaci\u00f3n y competitividad para as\u00ed seguir siendo protagonistas en este y otros eventos del nivel departamental.<\/p>\n<p>Los ni\u00f1os y j\u00f3venes que est\u00e9n interesados en ser parte de la Escuela de F\u00fatbol Coogranada, pueden obtener mayor informaci\u00f3n e inscribirse en la fundaci\u00f3n social de la cooperativa.<\/p>\n<p>De esta manera, inicia con la fundaci\u00f3n social Coogranada un 2025 lleno de mucho f\u00fatbol, convirti\u00e9ndose dicho proceso en un espacio para el aprovechamiento del tiempo libre de los habitantes m\u00e1s j\u00f3venes del municipio de Granada.<\/p>\n","protected":false},"excerpt":{"rendered":"<p>Con el avance del nuevo a\u00f1o, van tomando su din\u00e1mica los diferentes procesos que tienen&hellip;<\/p>\n","protected":false},"author":2,"featured_media":1302,"comment_status":"open","ping_status":"open","sticky":false,"template":"","format":"standard","meta":{"footnotes":""},"categories":[19],"tags":[39,56,36,41,60],"class_list":["post-1301","post","type-post","status-publish","format-standard","has-post-thumbnail","hentry","category-noticias","tag-deporte","tag-educacion","tag-granada-antioquia","tag-juventud","tag-oriente-antioqueno"],"_links":{"self":[{"href":"https:\/\/www.desdegranada.com\/site\/index.php?rest_route=\/wp\/v2\/posts\/1301","targetHints":{"allow":["GET"]}}],"collection":[{"href":"https:\/\/www.desdegranada.com\/site\/index.php?rest_route=\/wp\/v2\/posts"}],"about":[{"href":"https:\/\/www.desdegranada.com\/site\/index.php?rest_route=\/wp\/v2\/types\/post"}],"author":[{"embeddable":true,"href":"https:\/\/www.desdegranada.com\/site\/index.php?rest_route=\/wp\/v2\/users\/2"}],"replies":[{"embeddable":true,"href":"https:\/\/www.desdegranada.com\/site\/index.php?rest_route=%2Fwp%2Fv2%2Fcomments&post=1301"}],"version-history":[{"count":1,"href":"https:\/\/www.desdegranada.com\/site\/index.php?rest_route=\/wp\/v2\/posts\/1301\/revisions"}],"predecessor-version":[{"id":1303,"href":"https:\/\/www.desdegranada.com\/site\/index.php?rest_route=\/wp\/v2\/posts\/1301\/revisions\/1303"}],"wp:featuredmedia":[{"embeddable":true,"href":"https:\/\/www.desdegranada.com\/site\/index.php?rest_route=\/wp\/v2\/media\/1302"}],"wp:attachment":[{"href":"https:\/\/www.desdegranada.com\/site\/index.php?rest_route=%2Fwp%2Fv2%2Fmedia&parent=1301"}],"wp:term":[{"taxonomy":"category","embeddable":true,"href":"https:\/\/www.desdegranada.com\/site\/index.php?rest_route=%2Fwp%2Fv2%2Fcategories&post=1301"},{"taxonomy":"post_tag","embeddable":true,"href":"https:\/\/www.desdegranada.com\/site\/index.php?rest_route=%2Fwp%2Fv2%2Ftags&post=1301"}],"curies":[{"name":"wp","href":"https:\/\/api.w.org\/{rel}","templated":true}]}}