{"id":1305,"date":"2025-01-23T17:24:04","date_gmt":"2025-01-23T22:24:04","guid":{"rendered":"https:\/\/www.desdegranada.com\/site\/?p=1305"},"modified":"2025-01-23T17:24:04","modified_gmt":"2025-01-23T22:24:04","slug":"diego-y-juanma-cada-vez-mas-cerca-de-debutar-en-el-futbol-profesional","status":"publish","type":"post","link":"https:\/\/www.desdegranada.com\/site\/?p=1305","title":{"rendered":"Diego y JuanMa cada vez m\u00e1s cerca de debutar en el f\u00fatbol profesional"},"content":{"rendered":"<p>Diego Alejandro Vel\u00e1zquez y Juan Manuel Hern\u00e1ndez son dos granadinos que vienen dando de qu\u00e9 hablar, pues recientemente se incorporaron al equipo Patriotas de Boyac\u00e1 y, aunque todav\u00eda no hacen parte del equipo profesional, la cantera del equipo boyacense puede ser la oportunidad para debutar en el F\u00fatbol Profesional Colombiano.<!--more--><\/p>\n<p>Por: Climaco Giraldo, locutor Granada Stereo<\/p>\n<p>Diego y Juan desde muy j\u00f3venes han practicado el f\u00fatbol, incluso el inicio de sus procesos formativos, se puede decir que fue a trav\u00e9s del Club de F\u00fatbol de la cooperativa COOGRANADA; tambi\u00e9n en breves lapsos de tiempo practicaron el microf\u00fatbol con el Club Deportivo CREAFAM, pues en Granada estos dos deportes son de los m\u00e1s practicados por los j\u00f3venes.<\/p>\n<p>Las calles de nuestro municipio no son ajenas al talento de ellos, y esta es una muestra de que el proceso no ha sido nada f\u00e1cil, ya que incluso en la actualidad, no faltan las burlas y cr\u00edticas, sin embargo, este nuevo paso que est\u00e1n dando es una respuesta contundente.<\/p>\n<p><strong><em>Tuve la posibilidad de hablar con Diego y esto fue lo que me dijo<\/em><\/strong><\/p>\n<p>\u201cLe cuento un poquito pues de lo que hemos hecho nosotros como para llegar aqu\u00ed. Lo que pasa es que nosotros siempre hemos estado desde muy j\u00f3venes, desde muy peque\u00f1os, como siempre buscando algo m\u00e1s que jugar f\u00fatbol, buscando objetivos grandes con este deporte.<\/p>\n<p>Entonces pues siempre hemos salido como a Medell\u00edn, Marinilla, Rionegro. Nos hemos probado en varios equipos juntos y este a\u00f1o dijimos: no pues all\u00e1 en Granada ya no podemos seguir jugando \u00bfs\u00ed o no?, entonces dijimos, tenemos que salir y buscar un equipo, y pues nos fuimos a mirar y todo, y estaban abiertas unas convocatoria en el deportivo Rionegro, y pues nosotros no las podemos hacer, pero le dijimos a un profesor que nosotros \u00edbamos recomendados deI equipo donde ya est\u00e1bamos: AKT, el profesor nos dio la oportunidad, nos quedamos una semanita y listo, seguimos entrenando con Rionegro, haciendo gimnasio todo juiciosos.<\/p>\n<p>En noviembre vimos las convocatorias de Patriotas y pues dijimos, vamos a ponernos a entrenar bien juiciosos pa&#8217; estar listos para la convocatoria. Nos pusimos a entrenar y ya como a inicios de diciembre, estuvimos por ac\u00e1 en Bogot\u00e1 presentando las convocatorias.<\/p>\n<p>Fue dif\u00edcil porque los dos est\u00e1bamos como enfermos, entonces fue bastante dif\u00edcil porque el tema de la respiraci\u00f3n fue m\u00e1s duro, pero bueno. No nos dejamos ganar de esas adversidades y a los d\u00edas nos comunicaron que s\u00ed hab\u00edamos pasado y ah\u00ed vamos, ah\u00ed vamos y hay que seguir d\u00e1ndole.\u201d<\/p>\n<p>La amistad y el compa\u00f1erismo es algo que tambi\u00e9n se merece una menci\u00f3n al hablar de ellos, pues en el proceso se han apoyado mutuamente a pesar de compartir posici\u00f3n. Los jugadores se destacan como laterales; Diego de lateral derecho y JuanMa de lateral izquierdo.<\/p>\n<p>Estos j\u00f3venes futbolistas son una muestra de lo que es el granadino, pujanza, el sentido de pertenencia y amor por el territorio. El querer llevar con orgullo el nombre de Granada a\u00fan estando por fuera.<\/p>\n<p>Deseamos, al igual que ellos, que su carrera deportiva est\u00e9 llena de triunfos.<\/p>\n","protected":false},"excerpt":{"rendered":"<p>Diego Alejandro Vel\u00e1zquez y Juan Manuel Hern\u00e1ndez son dos granadinos que vienen dando de qu\u00e9&hellip;<\/p>\n","protected":false},"author":2,"featured_media":1306,"comment_status":"closed","ping_status":"closed","sticky":false,"template":"","format":"standard","meta":{"footnotes":""},"categories":[20],"tags":[46,44,39,36,45,41],"class_list":["post-1305","post","type-post","status-publish","format-standard","has-post-thumbnail","hentry","category-columnistas","tag-colonias-granadinas","tag-columnistas","tag-deporte","tag-granada-antioquia","tag-historias","tag-juventud"],"_links":{"self":[{"href":"https:\/\/www.desdegranada.com\/site\/index.php?rest_route=\/wp\/v2\/posts\/1305","targetHints":{"allow":["GET"]}}],"collection":[{"href":"https:\/\/www.desdegranada.com\/site\/index.php?rest_route=\/wp\/v2\/posts"}],"about":[{"href":"https:\/\/www.desdegranada.com\/site\/index.php?rest_route=\/wp\/v2\/types\/post"}],"author":[{"embeddable":true,"href":"https:\/\/www.desdegranada.com\/site\/index.php?rest_route=\/wp\/v2\/users\/2"}],"replies":[{"embeddable":true,"href":"https:\/\/www.desdegranada.com\/site\/index.php?rest_route=%2Fwp%2Fv2%2Fcomments&post=1305"}],"version-history":[{"count":1,"href":"https:\/\/www.desdegranada.com\/site\/index.php?rest_route=\/wp\/v2\/posts\/1305\/revisions"}],"predecessor-version":[{"id":1307,"href":"https:\/\/www.desdegranada.com\/site\/index.php?rest_route=\/wp\/v2\/posts\/1305\/revisions\/1307"}],"wp:featuredmedia":[{"embeddable":true,"href":"https:\/\/www.desdegranada.com\/site\/index.php?rest_route=\/wp\/v2\/media\/1306"}],"wp:attachment":[{"href":"https:\/\/www.desdegranada.com\/site\/index.php?rest_route=%2Fwp%2Fv2%2Fmedia&parent=1305"}],"wp:term":[{"taxonomy":"category","embeddable":true,"href":"https:\/\/www.desdegranada.com\/site\/index.php?rest_route=%2Fwp%2Fv2%2Fcategories&post=1305"},{"taxonomy":"post_tag","embeddable":true,"href":"https:\/\/www.desdegranada.com\/site\/index.php?rest_route=%2Fwp%2Fv2%2Ftags&post=1305"}],"curies":[{"name":"wp","href":"https:\/\/api.w.org\/{rel}","templated":true}]}}