{"id":1309,"date":"2025-01-26T14:40:15","date_gmt":"2025-01-26T19:40:15","guid":{"rendered":"https:\/\/www.desdegranada.com\/site\/?p=1309"},"modified":"2025-01-26T14:40:15","modified_gmt":"2025-01-26T19:40:15","slug":"alrededor-de-3-500-personas-damnificadas-por-colapso-de-varios-puentes-entre-granada-y-cocorna","status":"publish","type":"post","link":"https:\/\/www.desdegranada.com\/site\/?p=1309","title":{"rendered":"Alrededor de 3.500 personas damnificadas por colapso de varios puentes entre Granada y Cocorn\u00e1."},"content":{"rendered":"<div class=\"xdj266r x11i5rnm xat24cr x1mh8g0r x1vvkbs x126k92a\">\n<div dir=\"auto\">Incomunicadas. As\u00ed amanecieron las comunidades que residen y se transportan por la v\u00eda que de Granada conduce al vecino municipio de Cocorn\u00e1.<\/div>\n<\/div>\n<p><!--more--><\/p>\n<div class=\"x11i5rnm xat24cr x1mh8g0r x1vvkbs xtlvy1s x126k92a\">\n<div dir=\"auto\">En las horas de la noche de ayer s\u00e1bado, se present\u00f3 un fuerte aguacero que ocasion\u00f3 varias afectaciones en la v\u00eda que de Granada y El Santuario conduce hacia Cocorn\u00e1.<\/div>\n<div dir=\"auto\">Entre los da\u00f1os m\u00e1s graves se registran la ca\u00edda del puente San Bartolo y la perdida de la banca en el puente La Trinidad.<\/div>\n<\/div>\n<div class=\"x11i5rnm xat24cr x1mh8g0r x1vvkbs xtlvy1s x126k92a\">\n<div dir=\"auto\">Las alcald\u00edas de ambos municipios, ya se pronunciaron alertando a la comunidad para evitar accidentes y de la misma manera se han hecho los respectivos reportes ante la Gobernaci\u00f3n de Antioquia y su Secretar\u00eda de Infraestructura; adem\u00e1s, han venido invitando a la comunidad a reportar cualquier novedad ante las autoridades competentes, para as\u00ed, prevenir afectaciones mayores.<\/div>\n<\/div>\n<div class=\"x11i5rnm xat24cr x1mh8g0r x1vvkbs xtlvy1s x126k92a\">\n<div dir=\"auto\">Es importante mencionar que est\u00e1 v\u00eda es departamental, y por ende, competencia de la Gobernaci\u00f3n de Antioquia, pues conecta varios municipios. Estas v\u00edas se denominan de segundo orden.<\/div>\n<\/div>\n<div class=\"x11i5rnm xat24cr x1mh8g0r x1vvkbs xtlvy1s x126k92a\">\n<div dir=\"auto\">La comunidad del sector recuerda que hace alrededor de cuatro a\u00f1os se present\u00f3 tambi\u00e9n la ca\u00edda del puente San Bartolo, lo cual en su momento, afect\u00f3 como ahora el tr\u00e1nsito vehicular, afectando significativamente el desarrollo de las comunidades rurales.<\/div>\n<\/div>\n<div class=\"x11i5rnm xat24cr x1mh8g0r x1vvkbs xtlvy1s x126k92a\">\n<div dir=\"auto\">La ruta de las chivas escaleras que salen desde el municipio de Granada, est\u00e1n dando la vuelta, un recorrido que consiste en dirigirse por la v\u00eda hacia Galilea y pasando por la vereda Las Faldas, una de las v\u00edas alternas recomendadas para quienes se dirigen a las veredas de nuestro municipio, ubicadas en esta zona.<\/div>\n<\/div>\n<div class=\"x11i5rnm xat24cr x1mh8g0r x1vvkbs xtlvy1s x126k92a\">\n<div dir=\"auto\">Las imposibilidad y restricciones para\u00a0 el tr\u00e1nsito vehicular aplican tambi\u00e9n\u00a0 para el tr\u00e1nsito de personas y animales.<\/div>\n<\/div>\n","protected":false},"excerpt":{"rendered":"<p>Incomunicadas. As\u00ed amanecieron las comunidades que residen y se transportan por la v\u00eda que de&hellip;<\/p>\n","protected":false},"author":2,"featured_media":1310,"comment_status":"closed","ping_status":"closed","sticky":false,"template":"","format":"standard","meta":{"footnotes":""},"categories":[19],"tags":[48,46,36,53,60,52],"class_list":["post-1309","post","type-post","status-publish","format-standard","has-post-thumbnail","hentry","category-noticias","tag-campo","tag-colonias-granadinas","tag-granada-antioquia","tag-movilidad","tag-oriente-antioqueno","tag-transporte"],"_links":{"self":[{"href":"https:\/\/www.desdegranada.com\/site\/index.php?rest_route=\/wp\/v2\/posts\/1309","targetHints":{"allow":["GET"]}}],"collection":[{"href":"https:\/\/www.desdegranada.com\/site\/index.php?rest_route=\/wp\/v2\/posts"}],"about":[{"href":"https:\/\/www.desdegranada.com\/site\/index.php?rest_route=\/wp\/v2\/types\/post"}],"author":[{"embeddable":true,"href":"https:\/\/www.desdegranada.com\/site\/index.php?rest_route=\/wp\/v2\/users\/2"}],"replies":[{"embeddable":true,"href":"https:\/\/www.desdegranada.com\/site\/index.php?rest_route=%2Fwp%2Fv2%2Fcomments&post=1309"}],"version-history":[{"count":1,"href":"https:\/\/www.desdegranada.com\/site\/index.php?rest_route=\/wp\/v2\/posts\/1309\/revisions"}],"predecessor-version":[{"id":1311,"href":"https:\/\/www.desdegranada.com\/site\/index.php?rest_route=\/wp\/v2\/posts\/1309\/revisions\/1311"}],"wp:featuredmedia":[{"embeddable":true,"href":"https:\/\/www.desdegranada.com\/site\/index.php?rest_route=\/wp\/v2\/media\/1310"}],"wp:attachment":[{"href":"https:\/\/www.desdegranada.com\/site\/index.php?rest_route=%2Fwp%2Fv2%2Fmedia&parent=1309"}],"wp:term":[{"taxonomy":"category","embeddable":true,"href":"https:\/\/www.desdegranada.com\/site\/index.php?rest_route=%2Fwp%2Fv2%2Fcategories&post=1309"},{"taxonomy":"post_tag","embeddable":true,"href":"https:\/\/www.desdegranada.com\/site\/index.php?rest_route=%2Fwp%2Fv2%2Ftags&post=1309"}],"curies":[{"name":"wp","href":"https:\/\/api.w.org\/{rel}","templated":true}]}}