{"id":1717,"date":"2026-01-05T17:07:28","date_gmt":"2026-01-05T22:07:28","guid":{"rendered":"https:\/\/www.desdegranada.com\/site\/?p=1717"},"modified":"2026-01-05T17:07:28","modified_gmt":"2026-01-05T22:07:28","slug":"entre-montanas-y-microfonos-una-aventura-llamada-radio","status":"publish","type":"post","link":"https:\/\/www.desdegranada.com\/site\/?p=1717","title":{"rendered":"Entre monta\u00f1as y micr\u00f3fonos: Una aventura llamada radio."},"content":{"rendered":"<p>En un peque\u00f1o pueblo escondido entre las monta\u00f1as del Oriente antioque\u00f1o viv\u00edan dos ni\u00f1as que, si viajamos en el tiempo hasta el inicio de esta aventura, ten\u00edan apenas 10 a\u00f1os: Valeria y Kathe. Eran muy buenas amigas y, un d\u00eda, estaban muy aburridas sin saber en qu\u00e9 ocupar su tiempo libre.<!--more--><\/p>\n<p>Por Kathe y Vale! Integrantes del colectivo de comunicaciones.<\/p>\n<p>Fue entonces cuando Kathe record\u00f3 que su prima Nataly hac\u00eda parte de la radio, aunque ella, de manera inocente, se refer\u00eda a esto como \u201cir a la radio\u201d, cuando en realidad participaba en los semilleros de comunicaci\u00f3n de la emisora Granada Stereo. Kathe le propuso a Valeria que fueran a una de esas clases a las que asist\u00eda Nataly. Valeria respondi\u00f3 con timidez:<br \/>\n\u2014A m\u00ed me da pena.<br \/>\nA lo que Kathe contest\u00f3:<br \/>\n\u2014Deje la bobada, all\u00e1 se le quita.<\/p>\n<p>As\u00ed, acordaron ir el martes siguiente.<\/p>\n<p>Cuando llegaron a la emisora conocieron a un hombre curioso llamado Faiber, quien en ese entonces era el coordinador de Reporteritos. Despu\u00e9s de esa primera clase, continuaron asistiendo a los encuentros todos los martes y jueves a las 3:00 p. m. Les gust\u00f3 tanto la experiencia y se desempe\u00f1aron tan bien que fueron elegidas para realizar reporter\u00eda en la asamblea de delegados y representantes de Cooingra.<\/p>\n<p>Pas\u00f3 mucho tiempo hasta que un d\u00eda Faiber y Mar\u00eda decidieron dividir el grupo en dos: el colectivo de comunicaciones y Reporteritos. Kathe, Vale y algunos de sus compa\u00f1eros ascendieron al colectivo y, a la luz de hoy, en 2026, a\u00fan hacen parte de \u00e9l, creando cada vez m\u00e1s recuerdos, risas y fortaleciendo los lazos de amistad.<\/p>\n","protected":false},"excerpt":{"rendered":"<p>En un peque\u00f1o pueblo escondido entre las monta\u00f1as del Oriente antioque\u00f1o viv\u00edan dos ni\u00f1as que,&hellip;<\/p>\n","protected":false},"author":2,"featured_media":1718,"comment_status":"closed","ping_status":"closed","sticky":false,"template":"","format":"standard","meta":{"footnotes":""},"categories":[20],"tags":[44,56,36,41,54,60],"class_list":["post-1717","post","type-post","status-publish","format-standard","has-post-thumbnail","hentry","category-columnistas","tag-columnistas","tag-educacion","tag-granada-antioquia","tag-juventud","tag-medios-de-comunicacion","tag-oriente-antioqueno"],"_links":{"self":[{"href":"https:\/\/www.desdegranada.com\/site\/index.php?rest_route=\/wp\/v2\/posts\/1717","targetHints":{"allow":["GET"]}}],"collection":[{"href":"https:\/\/www.desdegranada.com\/site\/index.php?rest_route=\/wp\/v2\/posts"}],"about":[{"href":"https:\/\/www.desdegranada.com\/site\/index.php?rest_route=\/wp\/v2\/types\/post"}],"author":[{"embeddable":true,"href":"https:\/\/www.desdegranada.com\/site\/index.php?rest_route=\/wp\/v2\/users\/2"}],"replies":[{"embeddable":true,"href":"https:\/\/www.desdegranada.com\/site\/index.php?rest_route=%2Fwp%2Fv2%2Fcomments&post=1717"}],"version-history":[{"count":1,"href":"https:\/\/www.desdegranada.com\/site\/index.php?rest_route=\/wp\/v2\/posts\/1717\/revisions"}],"predecessor-version":[{"id":1719,"href":"https:\/\/www.desdegranada.com\/site\/index.php?rest_route=\/wp\/v2\/posts\/1717\/revisions\/1719"}],"wp:featuredmedia":[{"embeddable":true,"href":"https:\/\/www.desdegranada.com\/site\/index.php?rest_route=\/wp\/v2\/media\/1718"}],"wp:attachment":[{"href":"https:\/\/www.desdegranada.com\/site\/index.php?rest_route=%2Fwp%2Fv2%2Fmedia&parent=1717"}],"wp:term":[{"taxonomy":"category","embeddable":true,"href":"https:\/\/www.desdegranada.com\/site\/index.php?rest_route=%2Fwp%2Fv2%2Fcategories&post=1717"},{"taxonomy":"post_tag","embeddable":true,"href":"https:\/\/www.desdegranada.com\/site\/index.php?rest_route=%2Fwp%2Fv2%2Ftags&post=1717"}],"curies":[{"name":"wp","href":"https:\/\/api.w.org\/{rel}","templated":true}]}}