{"id":1768,"date":"2026-03-11T15:37:08","date_gmt":"2026-03-11T20:37:08","guid":{"rendered":"https:\/\/www.desdegranada.com\/site\/?p=1768"},"modified":"2026-03-11T15:37:08","modified_gmt":"2026-03-11T20:37:08","slug":"yessica-giraldo-memoria-verdad-y-esperanza","status":"publish","type":"post","link":"https:\/\/www.desdegranada.com\/site\/?p=1768","title":{"rendered":"Yessica Giraldo: memoria, verdad y esperanza"},"content":{"rendered":"<p>&nbsp;<\/p>\n<p>Yessica Giraldo es actualmente una joven con familia, que ha asumido con responsabilidad y compromiso los roles que la vida le ha presentado. Su etapa actual est\u00e1 marcada por el valor de los lazos familiares, el cuidado de quienes la rodean y la construcci\u00f3n de un entorno basado en el amor, el respeto y la estabilidad.<!--more--><\/p>\n<p>&nbsp;<\/p>\n<p>Por: Jeison A. Giraldo &#8211; Mazamorro.<\/p>\n<p>&nbsp;<\/p>\n<p>Adem\u00e1s de su vida familiar,\u00a0 se ha destacado por su participaci\u00f3n activa en distintos espacios de comunicaci\u00f3n. Atiende entrevistas con claridad y seguridad, demostrando una capacidad notable para expresar sus ideas y conectar con quienes la escuchan. Aunque hay veces se pone nerviosa, dice\u00a0 que &#8211;\u00a0 \u201cMe han servido para sanar\u201d &#8211; Asimismo, encuentra en la escritura una forma de reflexi\u00f3n y expresi\u00f3n personal, a trav\u00e9s de la cual plasma pensamientos, experiencias y puntos de vista que enriquecen su voz y fortalecen su identidad.<\/p>\n<p>Es una mujer resiliente, marcada por experiencias profundas que han forjado su car\u00e1cter. Desde muy joven le ha tocado hacer preguntas dif\u00edciles, entre ellas preguntar por su padre, ausente a causa del conflicto armado. La extinta guerrilla de las FARC le arrebat\u00f3 a su pap\u00e1, y durante varios a\u00f1os vivi\u00f3 la incertidumbre de no saber nada sobre sus restos. Esta ausencia prolongada, dej\u00f3 huellas, pero tambi\u00e9n fortaleci\u00f3 en ella la capacidad de resistir, de buscar la verdad y de transformar el dolor en una fuerza que hoy la impulsa a seguir adelante.<\/p>\n<p>Tuvo la oportunidad de conversar con Pastor Alape, quien fue integrante del secretariado de las FARC. \u00c9l estuvo presente en un acto de perd\u00f3n que se realiz\u00f3 en Granada en septiembre de 2019, Yessica, recuerda que cuando termin\u00f3 la eucarist\u00eda que se realiz\u00f3 ese d\u00eda en el marco del protocolo, lleg\u00f3 a la puerta de la sacrist\u00eda, por donde sab\u00eda que \u00e9l iba a salir<\/p>\n<p>&nbsp;<\/p>\n<p>&#8211; Necesito tener una cita con usted<\/p>\n<p>&#8211; No es posible.<\/p>\n<p>&#8211; Entonces entregueme a mi pap\u00e1<\/p>\n<p>&#8211; \u00bfQui\u00e9n es tu pap\u00e1?<\/p>\n<p>&#8211; Un campesino que solo ten\u00eda dos hijos y yo necesito que me lo entregue.<\/p>\n<p>&#8211; Yo le voy hacer llegar una lista de las personas que asesinamos en ese tiempo por aqu\u00ed.<\/p>\n<p>&#8211; Listo se\u00f1or, cuando me lo entregue, hablamos de perd\u00f3n.<\/p>\n<p>A los meses, le hizo llegar una lista. Recuerda que\u00a0 aparec\u00eda el nombre de Jairo de Jes\u00fas Giraldo Jaramillo -\u201cle dije a mam\u00e1, no mami ese no es pap\u00e1\u201d por el pap\u00e1 de ella se llamaba era Jair de Jesus y no Jairo como aparec\u00eda en la lista que le hab\u00eda hecho llegar Pastor Alape despues de esa conversaci\u00f3n que hab\u00edan sostenido.<\/p>\n<p>Hoy la vida la ha puesto en un lugar distinto: responde con claridad y entereza las preguntas que le hacen en entrevistas, comparte su historia y presta su voz a otros. Sin embargo, cuando era adolescente, nadie le respond\u00eda a ella las preguntas que cargaba en silencio. Esa contradicci\u00f3n entre el pasado y el presente se convierte en una reflexi\u00f3n profunda: quien un d\u00eda busc\u00f3 respuestas en medio del dolor, hoy se ha transformado en una voz que acompa\u00f1a, esclarece y da sentido, demostrando que incluso desde la ausencia se puede construir memoria, verdad y esperanza.<\/p>\n<p>&nbsp;<\/p>\n<p>La historia que vive detr\u00e1s de una mirada<\/p>\n<p>Hay algo en los ojos de Yessica Giraldo que no pasa desapercibido. Son hermosos, divinos, pero no solo por su forma o su brillo, sino por todo lo que han visto y guardado en silencio. En ellos habita una mezcla de dulzura y fortaleza, como si cada mirada llevara consigo historias que no siempre fueron dichas, pero que aprendieron a quedarse ah\u00ed, esperando el momento justo para ser comprendidas.<\/p>\n<p>Sus ojos han conocido la ausencia, la espera y la incertidumbre. Miraron el mundo siendo adolescente, buscando respuestas que no llegaban, preguntando por un padre del que solo hab\u00eda vac\u00edo y silencio. Aun as\u00ed, nunca se apagaron. Al contrario, aprendieron a sostener la esperanza, a resistir el paso del tiempo y a mirar hacia adelante incluso cuando el pasado dol\u00eda demasiado.<\/p>\n<p>Hoy, esos mismos ojos miran distinto. Miran con la serenidad de quien ha caminado largo y ha encontrado, al menos, una parte de la verdad. Miran mientras responde entrevistas, mientras escribe, mientras comparte su historia sin rencor, pero con memoria. En su mirada se refleja la mujer que ha aprendido a transformar el dolor en palabra y la p\u00e9rdida en prop\u00f3sito.<\/p>\n<p>Tal vez por eso sus ojos son tan bellos: porque no esconden lo vivido, porque no temen recordar, porque siguen abiertos al mundo a pesar de todo. En ellos se asoma una lecci\u00f3n silenciosa pero poderosa: que incluso despu\u00e9s de la oscuridad, la mirada puede seguir siendo luz.<\/p>\n<p>Aunque los ojos de Yessica Giraldo cargan con miop\u00eda y astigmatismo, eso no les quita la belleza; al contrario, les da profundidad y car\u00e1cter. Son ojos que, a veces, ven el mundo un poco borroso, como si la vida misma les susurrara secretos que solo ellas pueden descifrar. Cada mirada es un peque\u00f1o milagro de paciencia y fuerza.<\/p>\n<p>Hay en ellos una lecci\u00f3n silenciosa: no es la perfecci\u00f3n lo que hace un ojo hermoso, sino lo que ha visto, lo que ha sentido y c\u00f3mo sigue abierto al mundo. Son ojos que, aunque necesiten lentes para enfocar lo lejano, jam\u00e1s han perdido la capacidad de mirar con claridad hacia el coraz\u00f3n de las cosas.<\/p>\n","protected":false},"excerpt":{"rendered":"<p>&nbsp; Yessica Giraldo es actualmente una joven con familia, que ha asumido con responsabilidad y&hellip;<\/p>\n","protected":false},"author":2,"featured_media":1769,"comment_status":"closed","ping_status":"closed","sticky":false,"template":"","format":"standard","meta":{"footnotes":""},"categories":[20],"tags":[46,44,36,54],"class_list":["post-1768","post","type-post","status-publish","format-standard","has-post-thumbnail","hentry","category-columnistas","tag-colonias-granadinas","tag-columnistas","tag-granada-antioquia","tag-medios-de-comunicacion"],"_links":{"self":[{"href":"https:\/\/www.desdegranada.com\/site\/index.php?rest_route=\/wp\/v2\/posts\/1768","targetHints":{"allow":["GET"]}}],"collection":[{"href":"https:\/\/www.desdegranada.com\/site\/index.php?rest_route=\/wp\/v2\/posts"}],"about":[{"href":"https:\/\/www.desdegranada.com\/site\/index.php?rest_route=\/wp\/v2\/types\/post"}],"author":[{"embeddable":true,"href":"https:\/\/www.desdegranada.com\/site\/index.php?rest_route=\/wp\/v2\/users\/2"}],"replies":[{"embeddable":true,"href":"https:\/\/www.desdegranada.com\/site\/index.php?rest_route=%2Fwp%2Fv2%2Fcomments&post=1768"}],"version-history":[{"count":1,"href":"https:\/\/www.desdegranada.com\/site\/index.php?rest_route=\/wp\/v2\/posts\/1768\/revisions"}],"predecessor-version":[{"id":1770,"href":"https:\/\/www.desdegranada.com\/site\/index.php?rest_route=\/wp\/v2\/posts\/1768\/revisions\/1770"}],"wp:featuredmedia":[{"embeddable":true,"href":"https:\/\/www.desdegranada.com\/site\/index.php?rest_route=\/wp\/v2\/media\/1769"}],"wp:attachment":[{"href":"https:\/\/www.desdegranada.com\/site\/index.php?rest_route=%2Fwp%2Fv2%2Fmedia&parent=1768"}],"wp:term":[{"taxonomy":"category","embeddable":true,"href":"https:\/\/www.desdegranada.com\/site\/index.php?rest_route=%2Fwp%2Fv2%2Fcategories&post=1768"},{"taxonomy":"post_tag","embeddable":true,"href":"https:\/\/www.desdegranada.com\/site\/index.php?rest_route=%2Fwp%2Fv2%2Ftags&post=1768"}],"curies":[{"name":"wp","href":"https:\/\/api.w.org\/{rel}","templated":true}]}}