{"id":177,"date":"2020-01-24T19:19:09","date_gmt":"2020-01-24T19:19:09","guid":{"rendered":"https:\/\/www.desdegranada.com\/site\/?p=177"},"modified":"2020-01-24T19:19:09","modified_gmt":"2020-01-24T19:19:09","slug":"en-granada-ya-se-mueve-la-actividad-deportiva","status":"publish","type":"post","link":"https:\/\/www.desdegranada.com\/site\/?p=177","title":{"rendered":"En Granada ya se mueve la actividad deportiva"},"content":{"rendered":"<p style=\"text-align: justify;\"><img loading=\"lazy\" decoding=\"async\" src=\"images\/Inicio_torneos_3.jpg\" alt=\"\" width=\"744\" height=\"435\" \/><\/p>\n<p style=\"text-align: justify;\">Voleibol mixto (4 equipos), baloncesto femenino (12 equipos) y masculino (4 equipos), y f\u00fatbol de sal\u00f3n en las categor\u00edas recreativo (9 equipos), semi master (10 equipos), competitivo (6 equipos) y femenino (6 equipos), son las disciplinas que copar\u00e1n la agenda deportiva del municipio en esta primera parte del a\u00f1o.<\/p>\n<p style=\"text-align: justify;\"><img loading=\"lazy\" decoding=\"async\" src=\"images\/Inicio_torneos_1.jpg\" alt=\"\" width=\"744\" height=\"435\" \/><\/p>\n<p style=\"text-align: justify;\">Asimismo, los semilleros de baloncesto y f\u00fatbol liderados por la cooperativa Coogranada y f\u00fatbol de sal\u00f3n y nataci\u00f3n coordinados por Creafam, tambi\u00e9n vienen iniciando actividades en estos primeros d\u00edas del a\u00f1o.<\/p>\n<p style=\"text-align: justify;\">Con el inicio de labores de la nueva administraci\u00f3n municipal, est\u00e1n al m\u00e1ximo nivel las expectativas tanto del equipo de deporte como de los deportistas, que esperan se logre fortalecer cada uno de los torneos.<\/p>\n<p style=\"text-align: justify;\"><img loading=\"lazy\" decoding=\"async\" src=\"images\/Inicio_torneos_2.jpg\" alt=\"\" width=\"744\" height=\"435\" \/><\/p>\n<p style=\"text-align: justify;\">Al respecto Edwin Giraldo, coordinador del \u00e1rea de deportes manifest\u00f3: \u201cqueremos que la comunidad vuelva a asistir masivamente al coliseo en las noches, que haya m\u00e1s inclusi\u00f3n, pues tenemos deportista jugando en varias disciplinas y categor\u00edas, mientras que otros no tienen cabida en los torneos por su nivel deportivo\u201d.<\/p>\n<p style=\"text-align: justify;\">Edwin a\u00f1adi\u00f3 que se pretende \u201cincentivar y sensibilizar a los deportistas en torno al juego limpio, a la puntualidad y la responsabilidad de los deportistas con los compromisos adquiridos al inscribirse en estas competencias\u201d.<\/p>\n<p style=\"text-align: justify;\">Alrededor de 350 deportistas granadinos se dar\u00e1n cita en el remodelado coliseo cubierto cada semana, de lunes a viernes, para integrarse en torno a la actividad deportiva.<\/p>\n","protected":false},"excerpt":{"rendered":"<p style=\"text-align: justify;\">En la semana del 20 al 24 de enero iniciaron los torneos municipales correspondientes al primer semestre del a\u00f1o 2020 con varios encuentros amistosos que buscan medir a los equipos previo al comienzo definitivo de las competiciones.<\/p>\n","protected":false},"author":1,"featured_media":0,"comment_status":"open","ping_status":"open","sticky":false,"template":"","format":"standard","meta":{"footnotes":""},"categories":[19],"tags":[],"class_list":["post-177","post","type-post","status-publish","format-standard","hentry","category-noticias"],"_links":{"self":[{"href":"https:\/\/www.desdegranada.com\/site\/index.php?rest_route=\/wp\/v2\/posts\/177","targetHints":{"allow":["GET"]}}],"collection":[{"href":"https:\/\/www.desdegranada.com\/site\/index.php?rest_route=\/wp\/v2\/posts"}],"about":[{"href":"https:\/\/www.desdegranada.com\/site\/index.php?rest_route=\/wp\/v2\/types\/post"}],"author":[{"embeddable":true,"href":"https:\/\/www.desdegranada.com\/site\/index.php?rest_route=\/wp\/v2\/users\/1"}],"replies":[{"embeddable":true,"href":"https:\/\/www.desdegranada.com\/site\/index.php?rest_route=%2Fwp%2Fv2%2Fcomments&post=177"}],"version-history":[{"count":0,"href":"https:\/\/www.desdegranada.com\/site\/index.php?rest_route=\/wp\/v2\/posts\/177\/revisions"}],"wp:attachment":[{"href":"https:\/\/www.desdegranada.com\/site\/index.php?rest_route=%2Fwp%2Fv2%2Fmedia&parent=177"}],"wp:term":[{"taxonomy":"category","embeddable":true,"href":"https:\/\/www.desdegranada.com\/site\/index.php?rest_route=%2Fwp%2Fv2%2Fcategories&post=177"},{"taxonomy":"post_tag","embeddable":true,"href":"https:\/\/www.desdegranada.com\/site\/index.php?rest_route=%2Fwp%2Fv2%2Ftags&post=177"}],"curies":[{"name":"wp","href":"https:\/\/api.w.org\/{rel}","templated":true}]}}