{"id":178,"date":"2020-01-25T17:38:36","date_gmt":"2020-01-25T17:38:36","guid":{"rendered":"https:\/\/www.desdegranada.com\/site\/?p=178"},"modified":"2020-01-25T17:38:36","modified_gmt":"2020-01-25T17:38:36","slug":"en-bicicleta-ninos-de-la-zona-rural-llegaran-mas-rapido-a-clases","status":"publish","type":"post","link":"https:\/\/www.desdegranada.com\/site\/?p=178","title":{"rendered":"En bicicleta, ni\u00f1os de la zona rural llegar\u00e1n m\u00e1s r\u00e1pido a clases"},"content":{"rendered":"<p style=\"text-align: justify;\"><img loading=\"lazy\" decoding=\"async\" src=\"images\/Uso_bicicleta_1.jpg\" alt=\"\" width=\"744\" height=\"435\" \/><\/p>\n<p style=\"text-align: justify;\">Como \u00e9l, otros 69 ni\u00f1os de varios centros educativos rurales del municipio recibieron su bicicleta, que viene acompa\u00f1ada con el casco y el chaleco para promover tambi\u00e9n la seguridad en los recorridos.<\/p>\n<p style=\"text-align: justify;\">El ex mandatario de los granadinos Omar G\u00f3mez, quien junto con el concejo municipal anterior se encarg\u00f3 de las gestiones para que este proyecto llegara al municipio, indic\u00f3 que \u201cla intenci\u00f3n es beneficiar las instituciones educativas. En este caso nos entregaron 70 bicicletas para el municipio de Granada\u201d.<\/p>\n<p style=\"text-align: justify;\"><img loading=\"lazy\" decoding=\"async\" src=\"images\/Uso_bicicleta_2.jpg\" alt=\"\" width=\"744\" height=\"435\" \/><\/p>\n<p style=\"text-align: justify;\">Freddy Casta\u00f1o, alcalde 2020-2023 reconoci\u00f3 la gesti\u00f3n de la administraci\u00f3n anterior y enfatiz\u00f3 en que \u201cesto potencializa y ayuda mucho a la formaci\u00f3n integral de nuestros ni\u00f1os, a mantener un estado f\u00edsico y a propiciar la actividad educativa y acad\u00e9mica para que nuestros ni\u00f1os puedan llegar a las instituciones educativas m\u00e1s r\u00e1pidamente\u201d.<\/p>\n<p style=\"text-align: justify;\">Por iniciativa del concejo municipal 2016-2019, Granada fue el primer municipio del departamento en adoptar la pol\u00edtica p\u00fablica de la bicicleta.<\/p>\n","protected":false},"excerpt":{"rendered":"<p style=\"text-align: justify;\">Wilson Arley L\u00f3pez L\u00f3pez de la vereda El Libertador, quien diariamente se tiene que desplazar caminando alrededor de una hora para asistir a la escuela, recibi\u00f3 este viernes 24 de enero de parte de Indeportes Antioquia una bicicleta que le ofrecer\u00e1 una mayor facilidad para llegar hasta la instituci\u00f3n educativa.<\/p>\n","protected":false},"author":1,"featured_media":0,"comment_status":"open","ping_status":"open","sticky":false,"template":"","format":"standard","meta":{"footnotes":""},"categories":[19],"tags":[],"class_list":["post-178","post","type-post","status-publish","format-standard","hentry","category-noticias"],"_links":{"self":[{"href":"https:\/\/www.desdegranada.com\/site\/index.php?rest_route=\/wp\/v2\/posts\/178","targetHints":{"allow":["GET"]}}],"collection":[{"href":"https:\/\/www.desdegranada.com\/site\/index.php?rest_route=\/wp\/v2\/posts"}],"about":[{"href":"https:\/\/www.desdegranada.com\/site\/index.php?rest_route=\/wp\/v2\/types\/post"}],"author":[{"embeddable":true,"href":"https:\/\/www.desdegranada.com\/site\/index.php?rest_route=\/wp\/v2\/users\/1"}],"replies":[{"embeddable":true,"href":"https:\/\/www.desdegranada.com\/site\/index.php?rest_route=%2Fwp%2Fv2%2Fcomments&post=178"}],"version-history":[{"count":0,"href":"https:\/\/www.desdegranada.com\/site\/index.php?rest_route=\/wp\/v2\/posts\/178\/revisions"}],"wp:attachment":[{"href":"https:\/\/www.desdegranada.com\/site\/index.php?rest_route=%2Fwp%2Fv2%2Fmedia&parent=178"}],"wp:term":[{"taxonomy":"category","embeddable":true,"href":"https:\/\/www.desdegranada.com\/site\/index.php?rest_route=%2Fwp%2Fv2%2Fcategories&post=178"},{"taxonomy":"post_tag","embeddable":true,"href":"https:\/\/www.desdegranada.com\/site\/index.php?rest_route=%2Fwp%2Fv2%2Ftags&post=178"}],"curies":[{"name":"wp","href":"https:\/\/api.w.org\/{rel}","templated":true}]}}