{"id":179,"date":"2020-01-27T16:33:26","date_gmt":"2020-01-27T16:33:26","guid":{"rendered":"https:\/\/www.desdegranada.com\/site\/?p=179"},"modified":"2020-01-27T16:33:26","modified_gmt":"2020-01-27T16:33:26","slug":"padres-de-familia-de-inejago-se-reunen-para-definir-apoyo-al-restaurante-escolar","status":"publish","type":"post","link":"https:\/\/www.desdegranada.com\/site\/?p=179","title":{"rendered":"Padres de familia de INEJAGO se re\u00fanen para definir apoyo al restaurante escolar"},"content":{"rendered":"<p style=\"text-align: justify;\">\u201cEl objetivo de la reuni\u00f3n era motivar a los padres der familia para que ingresen a los ni\u00f1os al programa, teniendo en cuenta los beneficios que ofrece como es tener un desayuno dentro del restaurante escolar todos los d\u00edas, el aprendizaje que obtienen los ni\u00f1os al estar bien alimentados y tambi\u00e9n lograr que haya permanencia escolar\u201d, explic\u00f3 Mar\u00eda Cristina Giraldo, coordinadora del programa de complementaci\u00f3n alimentaria en el municipio.<\/p>\n<p style=\"text-align: justify;\">Entretanto, Jorge Luis Orozco, padre de familia miembro del comit\u00e9 del restaurante escolar, valor\u00f3 el apoyo recibido desde de la administraci\u00f3n municipal y la gobernaci\u00f3n de Antioquia para que los ni\u00f1os reciban este beneficio. \u201ces muy importante el restaurante escolar porque el ni\u00f1o va a recibir un alimento adecuado, que les va a ayudar en su crecimiento, ellos van a recibir un alimento caliente y esto ayuda a que el ni\u00f1o pueda rendir m\u00e1s acad\u00e9micamente\u201d.<\/p>\n<p style=\"text-align: justify;\">En dicha reuni\u00f3n, los padres de familia eligieron el comit\u00e9 del restaurante escolar que se encargar\u00e1 de hacer seguimiento al programa y en coordinaci\u00f3n con los padres de los ni\u00f1os beneficiarios definir\u00e1 el aporte que har\u00e1n semanalmente.<\/p>\n<p style=\"text-align: justify;\">\u201cEsta fue la primera reuni\u00f3n, apenas estamos empezando. Vamos a ver si programamos la fecha de la pr\u00f3xima reuni\u00f3n para cuadrar la cuota de lo del restaurante escolar. Con esto se busca un fondo para pagarle a las manipuladoras de alimentos y compensar otras cosas que nos hacen falta\u201d, dijo tambi\u00e9n Orozco.<\/p>\n<p style=\"text-align: justify;\">Durante la \u00faltima semana de enero, el comit\u00e9 espera definir la cantidad de ni\u00f1os, que con la aprobaci\u00f3n de sus padres, har\u00e1n parte del restaurante escolar para en un plazo de aproximadamente 15 d\u00edas iniciar con el programa.<\/p>\n","protected":false},"excerpt":{"rendered":"<p style=\"text-align: justify;\">Tras el inicio de la actividad acad\u00e9mica en este a\u00f1o 2020, los padres de familia de INEJAGO, sede Jes\u00fas Mar\u00eda Yepes, se reunieron con representaci\u00f3n de la administraci\u00f3n municipal y la instituci\u00f3n educativa para definir algunos aspectos relacionados con el restaurante escolar.<\/p>\n","protected":false},"author":1,"featured_media":0,"comment_status":"open","ping_status":"open","sticky":false,"template":"","format":"standard","meta":{"footnotes":""},"categories":[19],"tags":[],"class_list":["post-179","post","type-post","status-publish","format-standard","hentry","category-noticias"],"_links":{"self":[{"href":"https:\/\/www.desdegranada.com\/site\/index.php?rest_route=\/wp\/v2\/posts\/179","targetHints":{"allow":["GET"]}}],"collection":[{"href":"https:\/\/www.desdegranada.com\/site\/index.php?rest_route=\/wp\/v2\/posts"}],"about":[{"href":"https:\/\/www.desdegranada.com\/site\/index.php?rest_route=\/wp\/v2\/types\/post"}],"author":[{"embeddable":true,"href":"https:\/\/www.desdegranada.com\/site\/index.php?rest_route=\/wp\/v2\/users\/1"}],"replies":[{"embeddable":true,"href":"https:\/\/www.desdegranada.com\/site\/index.php?rest_route=%2Fwp%2Fv2%2Fcomments&post=179"}],"version-history":[{"count":0,"href":"https:\/\/www.desdegranada.com\/site\/index.php?rest_route=\/wp\/v2\/posts\/179\/revisions"}],"wp:attachment":[{"href":"https:\/\/www.desdegranada.com\/site\/index.php?rest_route=%2Fwp%2Fv2%2Fmedia&parent=179"}],"wp:term":[{"taxonomy":"category","embeddable":true,"href":"https:\/\/www.desdegranada.com\/site\/index.php?rest_route=%2Fwp%2Fv2%2Fcategories&post=179"},{"taxonomy":"post_tag","embeddable":true,"href":"https:\/\/www.desdegranada.com\/site\/index.php?rest_route=%2Fwp%2Fv2%2Ftags&post=179"}],"curies":[{"name":"wp","href":"https:\/\/api.w.org\/{rel}","templated":true}]}}