{"id":181,"date":"2020-01-31T21:47:14","date_gmt":"2020-01-31T21:47:14","guid":{"rendered":"https:\/\/www.desdegranada.com\/site\/?p=181"},"modified":"2020-01-31T21:47:14","modified_gmt":"2020-01-31T21:47:14","slug":"hay-preocupacion-en-granada-y-san-carlos-por-retrasos-en-obras-de-pavimentacion-de-la-via","status":"publish","type":"post","link":"https:\/\/www.desdegranada.com\/site\/?p=181","title":{"rendered":"Hay preocupaci\u00f3n en Granada y San Carlos por retrasos en obras de pavimentaci\u00f3n de la v\u00eda"},"content":{"rendered":"<p style=\"text-align: justify;\">\u201cSeg\u00fan informaci\u00f3n que nos entrega la interventor\u00eda, el retraso en la ejecuci\u00f3n de la obra es bastante grande y vemos con preocupaci\u00f3n que son 13 meses de plazo los pactados y ya va mucho m\u00e1s de la mitad en cuanto al tiempo, pero los avances no son significativos\u201d, dijo el alcalde.<\/p>\n<p style=\"text-align: justify;\">A lo largo de este primer mes de labores de los gobiernos locales, ha habido varios acercamientos entre los alcaldes de los dos municipios beneficiados con esta obra para, de manera conjunta, buscar la manera de acelerar los trabajos.<\/p>\n<p style=\"text-align: justify;\">Al respecto Freddy destac\u00f3 que \u201cen el encuentro de alcaldes que tuvimos con el se\u00f1or gobernador, le planteamos la urgente necesidad de continuar con los trabajos sobre la v\u00eda Granada \u2013 San Carlos. Tambi\u00e9n ha habido acompa\u00f1amiento por parte de la asamblea departamental, principalmente el doctor Juan Esteban Villegas, quien pide celeridad tanto al contratista como a los dem\u00e1s ejecutores de la obra\u201d.<\/p>\n<p style=\"text-align: justify;\"><img loading=\"lazy\" decoding=\"async\" src=\"images\/Restrasos_Granada_-_San_Carlos.jpg\" alt=\"\" width=\"744\" height=\"435\" \/><\/p>\n<p style=\"text-align: justify;\">En las reuniones que se han adelantado con los habitantes de los sectores que impacta esta v\u00eda, la administraci\u00f3n municipal de Granada ha insistido en la necesidad de hacer control, veedur\u00eda y seguimiento e informar a los entes correspondientes sobre las anomal\u00edas que puedan evidenciar en los trabajos.<\/p>\n<p style=\"text-align: justify;\">El pr\u00f3ximo 13 de febrero Mary Luz Quintero y Freddy Casta\u00f1o se reunir\u00e1n nuevamente con el gobernador de Antioquia An\u00edbal Gaviria, donde el tema principal a tratar ser\u00e1 la pavimentaci\u00f3n de esta v\u00eda.<\/p>\n<p style=\"text-align: justify;\">Dentro de los proyectos de la presente administraci\u00f3n est\u00e1 el seguir trabajando para lograr la pavimentaci\u00f3n de los kil\u00f3metros contratados. Del mismo modo, con el apoyo del gobierno nacional se le apunta a hacer realidad la pavimentaci\u00f3n total de la v\u00eda, en la que luego de esta intervenci\u00f3n quedar\u00edan restando 9.7 kil\u00f3metros.<\/p>\n<p style=\"text-align: justify;\">\u201cNos queda mucho camino por seguir, nos queda ese gran reto de ver culminada esa obra porque sin lugar a dudas es un gran desarrollo para la regi\u00f3n y terminar ese anillo vial de embalses traer\u00eda mucho progreso a nuestras comunidades y potenciar\u00eda otras oportunidades como es el turismo\u201d finaliz\u00f3 el mandatario local.<\/p>\n","protected":false},"excerpt":{"rendered":"<p style=\"text-align: justify;\">Fotos: Oscar Hernando Casta\u00f1o Valencia<\/p>\n<p style=\"text-align: justify;\">Ante la preocupaci\u00f3n que han venido manifestando las comunidades respecto a los retrasos y el lento avance en la pavimentaci\u00f3n de un tramo de v\u00eda entre Granada y San Carlos, desde los medios de comunicaci\u00f3n locales quisimos conversar con el mandatario de los granadinos, Freddy Casta\u00f1o Aristiz\u00e1bal, para conocer de primera mano qu\u00e9 ha generado dichos inconvenientes en el desarrollo de la obra.<\/p>\n","protected":false},"author":1,"featured_media":0,"comment_status":"open","ping_status":"open","sticky":false,"template":"","format":"standard","meta":{"footnotes":""},"categories":[19],"tags":[],"class_list":["post-181","post","type-post","status-publish","format-standard","hentry","category-noticias"],"_links":{"self":[{"href":"https:\/\/www.desdegranada.com\/site\/index.php?rest_route=\/wp\/v2\/posts\/181","targetHints":{"allow":["GET"]}}],"collection":[{"href":"https:\/\/www.desdegranada.com\/site\/index.php?rest_route=\/wp\/v2\/posts"}],"about":[{"href":"https:\/\/www.desdegranada.com\/site\/index.php?rest_route=\/wp\/v2\/types\/post"}],"author":[{"embeddable":true,"href":"https:\/\/www.desdegranada.com\/site\/index.php?rest_route=\/wp\/v2\/users\/1"}],"replies":[{"embeddable":true,"href":"https:\/\/www.desdegranada.com\/site\/index.php?rest_route=%2Fwp%2Fv2%2Fcomments&post=181"}],"version-history":[{"count":0,"href":"https:\/\/www.desdegranada.com\/site\/index.php?rest_route=\/wp\/v2\/posts\/181\/revisions"}],"wp:attachment":[{"href":"https:\/\/www.desdegranada.com\/site\/index.php?rest_route=%2Fwp%2Fv2%2Fmedia&parent=181"}],"wp:term":[{"taxonomy":"category","embeddable":true,"href":"https:\/\/www.desdegranada.com\/site\/index.php?rest_route=%2Fwp%2Fv2%2Fcategories&post=181"},{"taxonomy":"post_tag","embeddable":true,"href":"https:\/\/www.desdegranada.com\/site\/index.php?rest_route=%2Fwp%2Fv2%2Ftags&post=181"}],"curies":[{"name":"wp","href":"https:\/\/api.w.org\/{rel}","templated":true}]}}