{"id":182,"date":"2020-02-04T15:33:49","date_gmt":"2020-02-04T15:33:49","guid":{"rendered":"https:\/\/www.desdegranada.com\/site\/?p=182"},"modified":"2020-02-04T15:33:49","modified_gmt":"2020-02-04T15:33:49","slug":"abiertas-las-inscripciones-para-los-procesos-culturales-de-la-casa-de-la-cultura-ramon-eduardo-duque","status":"publish","type":"post","link":"https:\/\/www.desdegranada.com\/site\/?p=182","title":{"rendered":"Abiertas las inscripciones para los procesos culturales de la casa de la cultura Ram\u00f3n Eduardo Duque."},"content":{"rendered":"<p style=\"text-align: justify;\">Las inscripciones se desarrollar\u00e1n en la primera semana de este mes de febrero y para realizar la misma, se deben acercar a la biblioteca p\u00fablica Jes\u00fas Mar\u00eda Yepes con el documento de identidad, adem\u00e1s de otros datos b\u00e1sicos de contacto del participante.<\/p>\n<p style=\"text-align: justify;\">Dentro de los proyectos que se plantean desde la casa de la cultura, se busca reactivar el convenio con la instituci\u00f3n educativa Jorge Alberto G\u00f3mez, que permite a los estudiantes participantes de los procesos culturales, desplazarse hasta la casa de la cultura en la hora de clase de educaci\u00f3n art\u00edstica y continuar all\u00ed su proceso cultural, adem\u00e1s\u00a0de la continuaci\u00f3n del viernes cultural, que cada mes se realiza en la plazoleta Tiberio de Jes\u00fas Salazar y Herrera.<\/p>\n<p style=\"text-align: justify;\"><img loading=\"lazy\" decoding=\"async\" src=\"images\/Oferta_casa_cultura_2020.jpg\" alt=\"\" width=\"744\" height=\"435\" \/><\/p>\n<p style=\"text-align: justify;\">Los horarios de atenci\u00f3n de la casa de la cultura y todos sus programas ser\u00e1 amplio para que la comunidad pueda disfrutar de los cursos y procesos musicales. La invitaci\u00f3n es para todas las personas tanto en \u00e9poca escolar como personas mayores que quieran hacer su proceso de formaci\u00f3n cultural en m\u00fasica, teatro, manualidades o canto.<\/p>\n<p style=\"text-align: justify;\">La casa de la cultura es un espacio comunitario y siempre de puertas abiertas, dispuesto para el sano esparcimiento y el buen desarrollo de los procesos culturales en un ambiente \u00f3ptimo y con los profesionales id\u00f3neos en estas \u00e1reas.<\/p>\n","protected":false},"excerpt":{"rendered":"<p style=\"text-align: justify;\">El a\u00f1o escolar ya inici\u00f3, y desde la casa de la cultura se abren las convocatorias para todos los estudiantes y poblaci\u00f3n granadina en general, que deseen ingresar a alguno de los programas que desde\u00a0all\u00ed se ponen a disposici\u00f3n de los granadinos.<\/p>\n","protected":false},"author":1,"featured_media":0,"comment_status":"open","ping_status":"open","sticky":false,"template":"","format":"standard","meta":{"footnotes":""},"categories":[19],"tags":[],"class_list":["post-182","post","type-post","status-publish","format-standard","hentry","category-noticias"],"_links":{"self":[{"href":"https:\/\/www.desdegranada.com\/site\/index.php?rest_route=\/wp\/v2\/posts\/182","targetHints":{"allow":["GET"]}}],"collection":[{"href":"https:\/\/www.desdegranada.com\/site\/index.php?rest_route=\/wp\/v2\/posts"}],"about":[{"href":"https:\/\/www.desdegranada.com\/site\/index.php?rest_route=\/wp\/v2\/types\/post"}],"author":[{"embeddable":true,"href":"https:\/\/www.desdegranada.com\/site\/index.php?rest_route=\/wp\/v2\/users\/1"}],"replies":[{"embeddable":true,"href":"https:\/\/www.desdegranada.com\/site\/index.php?rest_route=%2Fwp%2Fv2%2Fcomments&post=182"}],"version-history":[{"count":0,"href":"https:\/\/www.desdegranada.com\/site\/index.php?rest_route=\/wp\/v2\/posts\/182\/revisions"}],"wp:attachment":[{"href":"https:\/\/www.desdegranada.com\/site\/index.php?rest_route=%2Fwp%2Fv2%2Fmedia&parent=182"}],"wp:term":[{"taxonomy":"category","embeddable":true,"href":"https:\/\/www.desdegranada.com\/site\/index.php?rest_route=%2Fwp%2Fv2%2Fcategories&post=182"},{"taxonomy":"post_tag","embeddable":true,"href":"https:\/\/www.desdegranada.com\/site\/index.php?rest_route=%2Fwp%2Fv2%2Ftags&post=182"}],"curies":[{"name":"wp","href":"https:\/\/api.w.org\/{rel}","templated":true}]}}