{"id":183,"date":"2020-02-05T14:50:16","date_gmt":"2020-02-05T14:50:16","guid":{"rendered":"https:\/\/www.desdegranada.com\/site\/?p=183"},"modified":"2020-02-05T14:50:16","modified_gmt":"2020-02-05T14:50:16","slug":"padre-gabriel-jaime-nuevo-miembro-del-equipo-sacerdotal-de-la-parroquia-santa-barbara","status":"publish","type":"post","link":"https:\/\/www.desdegranada.com\/site\/?p=183","title":{"rendered":"Padre Gabriel Jaime, nuevo miembro del equipo sacerdotal de la Parroquia Santa B\u00e1rbara"},"content":{"rendered":"<p style=\"text-align: justify;\">El padre Gabriel Jaime, oriundo del municipio de Argelia, Antioquia y que lleva 27 a\u00f1os dedicado a la vida consagrada, destac\u00f3 el respeto que, en sus primeros d\u00edas, ha percibido en la gente del municipio hacia el sacerdote \u201cgente contenta con el sacerdote, gente que se todav\u00eda ven el sacerdote y se quitan el sombrero para saludar, que eso yo nunca lo hab\u00eda visto. Yo en misi\u00f3n era solamente Gabriel por los ni\u00f1os, por todo el mundo y aqu\u00ed se siente uno totalmente distinto\u201d.<\/p>\n<p style=\"text-align: justify;\"><img loading=\"lazy\" decoding=\"async\" src=\"images\/Padre_Gabriel_2.jpg\" alt=\"\" width=\"744\" height=\"435\" \/><\/p>\n<p style=\"text-align: justify;\">Sobre Granada, manifest\u00f3 que previamente tuvo la oportunidad de conocer algunos sacerdotes y seminaristas nacidos en el municipio.<\/p>\n<p style=\"text-align: justify;\">\u201cLas referencias que tengo de Granada son muy buenas. Es un pueblo muy religioso, de mucha piedad, de mucha religiosidad popular, un pueblo de gente muy participativa. Me toc\u00f3 enterarme de toda la guerra que hubo, el sufrimiento, el dolor y a pesar de eso Granada se mantiene en pie, entonces es un pueblo de mucho testimonio\u201d, dijo.<\/p>\n<p style=\"text-align: justify;\">En sus 27 a\u00f1os de sacerdocio, el padre Gabriel Jaime ha prestados tambi\u00e9n sus servicios en las parroquias de Argelia y El Retiro; el seminario Cristo Sacerdote de Yarumal y ha estado de misi\u00f3n en Per\u00fa, Venezuela y Uruguay.<\/p>\n","protected":false},"excerpt":{"rendered":"<p style=\"text-align: justify;\">Desde mediados del mes de enero, el presb\u00edtero Gabriel Jaime Orozco Garc\u00eda viene apoyando la labor pastoral de la Parroquia Santa B\u00e1rbara en Granada.<\/p>\n","protected":false},"author":1,"featured_media":0,"comment_status":"open","ping_status":"open","sticky":false,"template":"","format":"standard","meta":{"footnotes":""},"categories":[19],"tags":[],"class_list":["post-183","post","type-post","status-publish","format-standard","hentry","category-noticias"],"_links":{"self":[{"href":"https:\/\/www.desdegranada.com\/site\/index.php?rest_route=\/wp\/v2\/posts\/183","targetHints":{"allow":["GET"]}}],"collection":[{"href":"https:\/\/www.desdegranada.com\/site\/index.php?rest_route=\/wp\/v2\/posts"}],"about":[{"href":"https:\/\/www.desdegranada.com\/site\/index.php?rest_route=\/wp\/v2\/types\/post"}],"author":[{"embeddable":true,"href":"https:\/\/www.desdegranada.com\/site\/index.php?rest_route=\/wp\/v2\/users\/1"}],"replies":[{"embeddable":true,"href":"https:\/\/www.desdegranada.com\/site\/index.php?rest_route=%2Fwp%2Fv2%2Fcomments&post=183"}],"version-history":[{"count":0,"href":"https:\/\/www.desdegranada.com\/site\/index.php?rest_route=\/wp\/v2\/posts\/183\/revisions"}],"wp:attachment":[{"href":"https:\/\/www.desdegranada.com\/site\/index.php?rest_route=%2Fwp%2Fv2%2Fmedia&parent=183"}],"wp:term":[{"taxonomy":"category","embeddable":true,"href":"https:\/\/www.desdegranada.com\/site\/index.php?rest_route=%2Fwp%2Fv2%2Fcategories&post=183"},{"taxonomy":"post_tag","embeddable":true,"href":"https:\/\/www.desdegranada.com\/site\/index.php?rest_route=%2Fwp%2Fv2%2Ftags&post=183"}],"curies":[{"name":"wp","href":"https:\/\/api.w.org\/{rel}","templated":true}]}}