{"id":184,"date":"2020-02-12T14:05:27","date_gmt":"2020-02-12T14:05:27","guid":{"rendered":"https:\/\/www.desdegranada.com\/site\/?p=184"},"modified":"2020-02-12T14:05:27","modified_gmt":"2020-02-12T14:05:27","slug":"comunidad-granadina-ya-disfruta-del-gimnasio-municipal","status":"publish","type":"post","link":"https:\/\/www.desdegranada.com\/site\/?p=184","title":{"rendered":"Comunidad granadina ya disfruta del gimnasio municipal"},"content":{"rendered":"<p style=\"text-align: justify;\">La alianza Coogranada \u2013 Creafam \u2013 administraci\u00f3n municipal, permite que cualquier persona del municipio pueda hacer uso del gimnasio por un precio m\u00f3dico. En las cooperativas se puede adquirir la tiquetera que ofrece un ahorro a quienes sean asociados.<\/p>\n<p style=\"text-align: justify;\"><img loading=\"lazy\" decoding=\"async\" src=\"images\/Gimnasio_2020.jpg\" alt=\"\" width=\"744\" height=\"435\" \/><\/p>\n<p style=\"text-align: justify;\">A la hora de ir al gimnasio es necesario tener en cuenta algunas recomendaciones como el uso de ropa c\u00f3moda para desarrollar cualquier actividad f\u00edsica, hidrataci\u00f3n y seguir las indicaciones de los instructores durante el entrenamiento.<\/p>\n<p style=\"text-align: justify;\">De lunes a viernes entre las 6 y las 9 de la noche y los lunes y s\u00e1bados de 6 a 8 de la ma\u00f1ana, el gimnasio municipal recibe a granadinos de todas las edades que se dan cita en este espacio para disfrutar de la actividad f\u00edsica y mejorar su salud.<\/p>\n","protected":false},"excerpt":{"rendered":"<p style=\"text-align: justify;\">El gimnasio municipal, que abri\u00f3 sus puertas desde el 3 de febrero, es un espacio que ofrece a la comunidad granadina una posibilidad m\u00e1s para aprovechar positivamente el tiempo libre.<\/p>\n","protected":false},"author":1,"featured_media":0,"comment_status":"open","ping_status":"open","sticky":false,"template":"","format":"standard","meta":{"footnotes":""},"categories":[19],"tags":[],"class_list":["post-184","post","type-post","status-publish","format-standard","hentry","category-noticias"],"_links":{"self":[{"href":"https:\/\/www.desdegranada.com\/site\/index.php?rest_route=\/wp\/v2\/posts\/184","targetHints":{"allow":["GET"]}}],"collection":[{"href":"https:\/\/www.desdegranada.com\/site\/index.php?rest_route=\/wp\/v2\/posts"}],"about":[{"href":"https:\/\/www.desdegranada.com\/site\/index.php?rest_route=\/wp\/v2\/types\/post"}],"author":[{"embeddable":true,"href":"https:\/\/www.desdegranada.com\/site\/index.php?rest_route=\/wp\/v2\/users\/1"}],"replies":[{"embeddable":true,"href":"https:\/\/www.desdegranada.com\/site\/index.php?rest_route=%2Fwp%2Fv2%2Fcomments&post=184"}],"version-history":[{"count":0,"href":"https:\/\/www.desdegranada.com\/site\/index.php?rest_route=\/wp\/v2\/posts\/184\/revisions"}],"wp:attachment":[{"href":"https:\/\/www.desdegranada.com\/site\/index.php?rest_route=%2Fwp%2Fv2%2Fmedia&parent=184"}],"wp:term":[{"taxonomy":"category","embeddable":true,"href":"https:\/\/www.desdegranada.com\/site\/index.php?rest_route=%2Fwp%2Fv2%2Fcategories&post=184"},{"taxonomy":"post_tag","embeddable":true,"href":"https:\/\/www.desdegranada.com\/site\/index.php?rest_route=%2Fwp%2Fv2%2Ftags&post=184"}],"curies":[{"name":"wp","href":"https:\/\/api.w.org\/{rel}","templated":true}]}}