{"id":186,"date":"2020-02-14T19:55:35","date_gmt":"2020-02-14T19:55:35","guid":{"rendered":"https:\/\/www.desdegranada.com\/site\/?p=186"},"modified":"2020-02-14T19:55:35","modified_gmt":"2020-02-14T19:55:35","slug":"contratista-de-la-via-granada-san-carlos-solicito-cuatro-meses-mas-para-entrega-de-obras","status":"publish","type":"post","link":"https:\/\/www.desdegranada.com\/site\/?p=186","title":{"rendered":"Contratista de la v\u00eda Granada \u2013 San Carlos solicit\u00f3 cuatro meses m\u00e1s para entrega de obras"},"content":{"rendered":"<p style=\"text-align: justify;\"><img loading=\"lazy\" decoding=\"async\" src=\"images\/Reunin_Granada_-_San_Carlos_3.jpg\" alt=\"\" width=\"744\" height=\"435\" \/><\/p>\n<p style=\"text-align: justify;\">Los cerca de 100 asistentes a la reuni\u00f3n ten\u00edan clara la pregunta: \u00bfPor qu\u00e9 la demora en los avances de la pavimentaci\u00f3n de la v\u00eda? Asistieron de manera copiosa para escuchar las explicaciones de la firma constructora San Vicente Hidor y poder tener mayor tranquilidad en un proyecto tan importante para las comunidades.\u00a0<\/p>\n<p style=\"text-align: justify;\"><img loading=\"lazy\" decoding=\"async\" src=\"images\/Reunin_Granada_-_San_Carlos_1.jpg\" alt=\"\" width=\"744\" height=\"435\" \/><\/p>\n<p style=\"text-align: justify;\">Antes de iniciar la reuni\u00f3n en el Centro Educativo Rural de la vereda La Quiebra el ambiente era tenso, puesto que eran muchos los interrogantes de la comunidad, debido a la cantidad de rumores que se escuchan de\u00a0 la pavimentaci\u00f3n frente a la demora de los obras. Las comunidades fueron contundentes: \u201cqueremos mayor avance en las obras\u201d.<\/p>\n<p style=\"text-align: justify;\"><img loading=\"lazy\" decoding=\"async\" src=\"images\/Reunin_Granada_-_San_Carlos_2.jpg\" alt=\"\" width=\"744\" height=\"435\" \/><\/p>\n<p style=\"text-align: justify;\">El proyecto de la pavimentaci\u00f3n es fundamental para el desarrollo econ\u00f3mico y social de Granada y San Carlos, el cual se viene desarrollando en una serie de contratos, que si bien, muestran avances, no concluyen con la pavimentaci\u00f3n total, como en el actual que est\u00e1 en ejecuci\u00f3n y es por 8.6 kil\u00f3metros. Al terminar este contrato, todav\u00eda quedar\u00e1n pendientes por asfaltar 10 kil\u00f3metros.<\/p>\n<p style=\"text-align: justify;\">En conclusi\u00f3n, el contratista se comprometi\u00f3 con la comunidad en terminar con los kil\u00f3metros contratados, no para el mes de mayo como se firm\u00f3 en el contrato inicial, si no cuatro meses m\u00e1s tarde, es decir que el proyecto estar\u00eda terminando en el mes de septiembre.<\/p>\n<p style=\"text-align: justify;\"><iframe loading=\"lazy\" src=\"\/\/www.youtube.com\/embed\/joQ8Ry3RV-I\" width=\"855\" height=\"480\" allowfullscreen=\"allowfullscreen\"><\/iframe><\/p>\n<p>\u00a0<\/p>\n<p>\u00a0<\/p>\n<p>\u00a0<\/p>\n<p>\u00a0<\/p>\n<p>\u00a0<\/p>\n","protected":false},"excerpt":{"rendered":"<p style=\"text-align: justify;\">El ingeniero Ludwing Quintero Blanco confirm\u00f3 en la reuni\u00f3n del 13 de febrero en la que socializaron\u00a0 de los avances en la pavimentaci\u00f3n de la v\u00eda Granada &#8211; San Carlos, que le solicit\u00f3 a la Gobernaci\u00f3n de Antioquia la ampliaci\u00f3n de cuatro meses para as\u00ed poder terminar la pavimentaci\u00f3n de los 8.6 kil\u00f3metros de esta v\u00eda.<\/p>\n","protected":false},"author":1,"featured_media":0,"comment_status":"open","ping_status":"open","sticky":false,"template":"","format":"standard","meta":{"footnotes":""},"categories":[19],"tags":[],"class_list":["post-186","post","type-post","status-publish","format-standard","hentry","category-noticias"],"_links":{"self":[{"href":"https:\/\/www.desdegranada.com\/site\/index.php?rest_route=\/wp\/v2\/posts\/186","targetHints":{"allow":["GET"]}}],"collection":[{"href":"https:\/\/www.desdegranada.com\/site\/index.php?rest_route=\/wp\/v2\/posts"}],"about":[{"href":"https:\/\/www.desdegranada.com\/site\/index.php?rest_route=\/wp\/v2\/types\/post"}],"author":[{"embeddable":true,"href":"https:\/\/www.desdegranada.com\/site\/index.php?rest_route=\/wp\/v2\/users\/1"}],"replies":[{"embeddable":true,"href":"https:\/\/www.desdegranada.com\/site\/index.php?rest_route=%2Fwp%2Fv2%2Fcomments&post=186"}],"version-history":[{"count":0,"href":"https:\/\/www.desdegranada.com\/site\/index.php?rest_route=\/wp\/v2\/posts\/186\/revisions"}],"wp:attachment":[{"href":"https:\/\/www.desdegranada.com\/site\/index.php?rest_route=%2Fwp%2Fv2%2Fmedia&parent=186"}],"wp:term":[{"taxonomy":"category","embeddable":true,"href":"https:\/\/www.desdegranada.com\/site\/index.php?rest_route=%2Fwp%2Fv2%2Fcategories&post=186"},{"taxonomy":"post_tag","embeddable":true,"href":"https:\/\/www.desdegranada.com\/site\/index.php?rest_route=%2Fwp%2Fv2%2Ftags&post=186"}],"curies":[{"name":"wp","href":"https:\/\/api.w.org\/{rel}","templated":true}]}}