{"id":187,"date":"2020-02-17T19:26:26","date_gmt":"2020-02-17T19:26:26","guid":{"rendered":"https:\/\/www.desdegranada.com\/site\/?p=187"},"modified":"2020-02-17T19:26:26","modified_gmt":"2020-02-17T19:26:26","slug":"revista-quitasol-publico-edicion-sobre-la-memoria-en-la-que-resalta-a-granada","status":"publish","type":"post","link":"https:\/\/www.desdegranada.com\/site\/?p=187","title":{"rendered":"Revista Quitasol public\u00f3 edici\u00f3n sobre la memoria en la que resalta a Granada"},"content":{"rendered":"<p style=\"text-align: justify;\">Mediante una serie de fotograf\u00edas de Jes\u00fas Abad Colorado, y bit\u00e1coras y cartas del archivo del Sal\u00f3n del Nunca M\u00e1s, la Revista Quitasol en su edici\u00f3n n\u00famero 10, hace menci\u00f3n a la memoria en un recorrido por los hechos de violencia que vivi\u00f3 Granada y las acciones de resistencia desarrolladas por la comunidad en rechazo al conflicto.<\/p>\n<p style=\"text-align: justify;\">\u201cEl Sal\u00f3n del Nunca M\u00e1s fue un elemento que nos motiv\u00f3 para que la tem\u00e1tica se tejiera en torno a la reflexi\u00f3n de la memoria. Entonces yo creo que Granada catapult\u00f3 la misma tem\u00e1tica que recogi\u00f3 la revista que en sus m\u00e1s de 250 p\u00e1ginas hace alusi\u00f3n al tema de memoria en cada uno de sus g\u00e9neros\u201d, manifest\u00f3 Arnubio Rold\u00e1n Echeverry, miembro del comit\u00e9 editorial de la revista.<\/p>\n<p style=\"text-align: justify;\"><img loading=\"lazy\" decoding=\"async\" src=\"images\/Revista_Quitasol.jpg\" alt=\"\" width=\"744\" height=\"435\" \/><\/p>\n<p style=\"text-align: justify;\">El caf\u00e9 de la memoria de Tejipaz, fue el escenario que acogi\u00f3 a los representantes del equipo editorial y miembros de la comunidad granadina para socializar y conversar sobre el contenido de la revista, haciendo especial \u00e9nfasis en los productos que hablan sobre el municipio.<\/p>\n<p style=\"text-align: justify;\">A partir de los diferentes trabajos de memoria que han tenido como protagonista a Granada muchas personas v\u00edctimas del conflicto armado han podido elaborar su duelo y otras han conocido esa historia de dolor para, desde su cotidianidad, evitar que se repitan esos sucesos.<\/p>\n","protected":false},"excerpt":{"rendered":"<p style=\"text-align: justify;\">La Revista Quitasol es un medio de comunicaci\u00f3n nacido en el municipio de Bello, Antioquia, con cerca de 12 a\u00f1os de existencia y que recoge en cada entrega diversos relatos en g\u00e9neros literarios como el ensayo, el cuento y la poes\u00eda.<\/p>\n","protected":false},"author":1,"featured_media":0,"comment_status":"open","ping_status":"open","sticky":false,"template":"","format":"standard","meta":{"footnotes":""},"categories":[19],"tags":[],"class_list":["post-187","post","type-post","status-publish","format-standard","hentry","category-noticias"],"_links":{"self":[{"href":"https:\/\/www.desdegranada.com\/site\/index.php?rest_route=\/wp\/v2\/posts\/187","targetHints":{"allow":["GET"]}}],"collection":[{"href":"https:\/\/www.desdegranada.com\/site\/index.php?rest_route=\/wp\/v2\/posts"}],"about":[{"href":"https:\/\/www.desdegranada.com\/site\/index.php?rest_route=\/wp\/v2\/types\/post"}],"author":[{"embeddable":true,"href":"https:\/\/www.desdegranada.com\/site\/index.php?rest_route=\/wp\/v2\/users\/1"}],"replies":[{"embeddable":true,"href":"https:\/\/www.desdegranada.com\/site\/index.php?rest_route=%2Fwp%2Fv2%2Fcomments&post=187"}],"version-history":[{"count":0,"href":"https:\/\/www.desdegranada.com\/site\/index.php?rest_route=\/wp\/v2\/posts\/187\/revisions"}],"wp:attachment":[{"href":"https:\/\/www.desdegranada.com\/site\/index.php?rest_route=%2Fwp%2Fv2%2Fmedia&parent=187"}],"wp:term":[{"taxonomy":"category","embeddable":true,"href":"https:\/\/www.desdegranada.com\/site\/index.php?rest_route=%2Fwp%2Fv2%2Fcategories&post=187"},{"taxonomy":"post_tag","embeddable":true,"href":"https:\/\/www.desdegranada.com\/site\/index.php?rest_route=%2Fwp%2Fv2%2Ftags&post=187"}],"curies":[{"name":"wp","href":"https:\/\/api.w.org\/{rel}","templated":true}]}}