{"id":188,"date":"2020-02-20T18:54:44","date_gmt":"2020-02-20T18:54:44","guid":{"rendered":"https:\/\/www.desdegranada.com\/site\/?p=188"},"modified":"2020-02-20T18:54:44","modified_gmt":"2020-02-20T18:54:44","slug":"intendente-brinez-nuevo-comandante-de-la-estacion-de-policia-granada","status":"publish","type":"post","link":"https:\/\/www.desdegranada.com\/site\/?p=188","title":{"rendered":"Intendente Bri\u00f1ez, nuevo comandante de la estaci\u00f3n de polic\u00eda Granada"},"content":{"rendered":"<p style=\"text-align: justify;\">Con el intendente Bri\u00f1ez al mando, los principales retos de la estaci\u00f3n de polic\u00eda para este a\u00f1o 2020, se centran en \u201cseguir con la reducci\u00f3n del \u00edndice de hurtos, la venta y consumo de sustancias alucin\u00f3genas, y seguir con cero homicidios en el municipio\u201d. El nuevo comandante destac\u00f3 adem\u00e1s el ambiente de cordialidad con el que se ha encontrado dentro de la comunidad granadina.<\/p>\n<p style=\"text-align: justify;\">Constantemente, los efectivos de la polic\u00eda est\u00e1n realizando controles y patrullaje en todo el territorio para garantizar la seguridad y la sana convivencia de los granadinos.<\/p>\n<p style=\"text-align: justify;\"><img loading=\"lazy\" decoding=\"async\" src=\"images\/Comandante_estacin_Granada_2.jpg\" alt=\"\" width=\"744\" height=\"435\" \/><\/p>\n<p style=\"text-align: justify;\">Por su parte, el mandatario local Freddy Casta\u00f1o Aristiz\u00e1bal, expres\u00f3 frente al trabajo articulado de la administraci\u00f3n municipal con la fuerza p\u00fablica que \u201cnosotros con el comandante de la polic\u00eda y con el ej\u00e9rcito, estamos en permanente contacto. Con respecto al tema de seguridad en nuestro territorio podemos dar un parte de tranquilidad\u201d.<\/p>\n<p style=\"text-align: justify;\">La estaci\u00f3n de polic\u00eda del municipio siempre est\u00e1 de puertas abiertas y con toda la disposici\u00f3n para atender los requerimientos que la comunidad necesite, adem\u00e1s de garantizar la seguridad de todos los ciudadanos.<\/p>\n","protected":false},"excerpt":{"rendered":"<p style=\"text-align: justify;\">El intendente Jos\u00e9 Israel Bri\u00f1ez G\u00f3mez, asumi\u00f3 como nuevo comandante de la estaci\u00f3n de polic\u00eda de Granada en los primeros d\u00edas del mes de febrero.<\/p>\n","protected":false},"author":1,"featured_media":0,"comment_status":"open","ping_status":"open","sticky":false,"template":"","format":"standard","meta":{"footnotes":""},"categories":[19],"tags":[],"class_list":["post-188","post","type-post","status-publish","format-standard","hentry","category-noticias"],"_links":{"self":[{"href":"https:\/\/www.desdegranada.com\/site\/index.php?rest_route=\/wp\/v2\/posts\/188","targetHints":{"allow":["GET"]}}],"collection":[{"href":"https:\/\/www.desdegranada.com\/site\/index.php?rest_route=\/wp\/v2\/posts"}],"about":[{"href":"https:\/\/www.desdegranada.com\/site\/index.php?rest_route=\/wp\/v2\/types\/post"}],"author":[{"embeddable":true,"href":"https:\/\/www.desdegranada.com\/site\/index.php?rest_route=\/wp\/v2\/users\/1"}],"replies":[{"embeddable":true,"href":"https:\/\/www.desdegranada.com\/site\/index.php?rest_route=%2Fwp%2Fv2%2Fcomments&post=188"}],"version-history":[{"count":0,"href":"https:\/\/www.desdegranada.com\/site\/index.php?rest_route=\/wp\/v2\/posts\/188\/revisions"}],"wp:attachment":[{"href":"https:\/\/www.desdegranada.com\/site\/index.php?rest_route=%2Fwp%2Fv2%2Fmedia&parent=188"}],"wp:term":[{"taxonomy":"category","embeddable":true,"href":"https:\/\/www.desdegranada.com\/site\/index.php?rest_route=%2Fwp%2Fv2%2Fcategories&post=188"},{"taxonomy":"post_tag","embeddable":true,"href":"https:\/\/www.desdegranada.com\/site\/index.php?rest_route=%2Fwp%2Fv2%2Ftags&post=188"}],"curies":[{"name":"wp","href":"https:\/\/api.w.org\/{rel}","templated":true}]}}