{"id":190,"date":"2020-02-24T12:47:21","date_gmt":"2020-02-24T12:47:21","guid":{"rendered":"https:\/\/www.desdegranada.com\/site\/?p=190"},"modified":"2020-02-24T12:47:21","modified_gmt":"2020-02-24T12:47:21","slug":"policia-descarto-caso-de-xenofobia-en-rina-del-fin-de-semana","status":"publish","type":"post","link":"https:\/\/www.desdegranada.com\/site\/?p=190","title":{"rendered":"Polic\u00eda descart\u00f3 caso de xenofobia en ri\u00f1a del fin de semana"},"content":{"rendered":"<p>Con estas palabras, el sub intendente Bustamante explic\u00f3 lo ocurrido en la madrugada de este domingo 23 de febrero (1:30a.m) luego del cierre de los establecimientos comerciales en La Variante.<\/p>\n<p>El efectivo de la polic\u00eda aclar\u00f3 adem\u00e1s que nada tiene que ver la ri\u00f1a con un tema de xenofobia en contra de los ciudadanos venezolanos residentes en el municipio y explic\u00f3 que \u201ces m\u00e1s un tema pasional, se deriva de un tema sentimental por parte de un venezolano con una se\u00f1ora granadina\u201d.<\/p>\n<p>Luego del incidente y cumpliendo con el protocolo, la polic\u00eda acompa\u00f1\u00f3 hasta su residencia al ciudadano venezolano, que tuvo una lesi\u00f3n en el labio por un golpe con la chapa de una correa.<\/p>\n","protected":false},"excerpt":{"rendered":"<p>\u201cDespu\u00e9s del cierre de establecimientos, donde est\u00e1bamos nosotros dispuestos a garantizar la seguridad de todos los granadinos durante el fin de semana, los muchachos venezolanos se encontraban en una esquina y unos muchachos granadinos llegan a ofenderlos y obvio ellos se defienden\u201d.<\/p>\n","protected":false},"author":1,"featured_media":0,"comment_status":"open","ping_status":"open","sticky":false,"template":"","format":"standard","meta":{"footnotes":""},"categories":[19],"tags":[],"class_list":["post-190","post","type-post","status-publish","format-standard","hentry","category-noticias"],"_links":{"self":[{"href":"https:\/\/www.desdegranada.com\/site\/index.php?rest_route=\/wp\/v2\/posts\/190","targetHints":{"allow":["GET"]}}],"collection":[{"href":"https:\/\/www.desdegranada.com\/site\/index.php?rest_route=\/wp\/v2\/posts"}],"about":[{"href":"https:\/\/www.desdegranada.com\/site\/index.php?rest_route=\/wp\/v2\/types\/post"}],"author":[{"embeddable":true,"href":"https:\/\/www.desdegranada.com\/site\/index.php?rest_route=\/wp\/v2\/users\/1"}],"replies":[{"embeddable":true,"href":"https:\/\/www.desdegranada.com\/site\/index.php?rest_route=%2Fwp%2Fv2%2Fcomments&post=190"}],"version-history":[{"count":0,"href":"https:\/\/www.desdegranada.com\/site\/index.php?rest_route=\/wp\/v2\/posts\/190\/revisions"}],"wp:attachment":[{"href":"https:\/\/www.desdegranada.com\/site\/index.php?rest_route=%2Fwp%2Fv2%2Fmedia&parent=190"}],"wp:term":[{"taxonomy":"category","embeddable":true,"href":"https:\/\/www.desdegranada.com\/site\/index.php?rest_route=%2Fwp%2Fv2%2Fcategories&post=190"},{"taxonomy":"post_tag","embeddable":true,"href":"https:\/\/www.desdegranada.com\/site\/index.php?rest_route=%2Fwp%2Fv2%2Ftags&post=190"}],"curies":[{"name":"wp","href":"https:\/\/api.w.org\/{rel}","templated":true}]}}