{"id":191,"date":"2020-02-26T19:21:50","date_gmt":"2020-02-26T19:21:50","guid":{"rendered":"https:\/\/www.desdegranada.com\/site\/?p=191"},"modified":"2020-02-26T19:21:50","modified_gmt":"2020-02-26T19:21:50","slug":"alcaldia-y-entes-descentralizados-de-granada-le-dicen-no-al-uso-de-icopor-y-plastico","status":"publish","type":"post","link":"https:\/\/www.desdegranada.com\/site\/?p=191","title":{"rendered":"Alcald\u00eda y entes descentralizados de Granada, le dicen no al uso de icopor y pl\u00e1stico"},"content":{"rendered":"<p style=\"text-align: justify;\">Inicialmente esta prohibici\u00f3n rige solamente para la administraci\u00f3n municipal y sus entes descentralizados como el hospital Padre Clemente Giraldo, la Empresa de Servicios P\u00fablicos de Granada y la Instituci\u00f3n Educativa Jorge Alberto G\u00f3mez y se pretende a mediano plazo dejar tambi\u00e9n de comercializarlo en el municipio.<\/p>\n<p style=\"text-align: justify;\">La medida est\u00e1 reglamentada por el acuerdo N\u00b004 de 2020, que recibi\u00f3 el voto favorable de los 9 concejales en la sesi\u00f3n ordinaria del domingo 23 de febrero y posteriormente firmada por el mandatario local Freddy Casta\u00f1o Aristiz\u00e1bal.<\/p>\n","protected":false},"excerpt":{"rendered":"<p style=\"text-align: justify;\">Granada se suma a otros municipios de Antioquia como Guatap\u00e9, La Ceja y Urrao que proh\u00edben el icopor y el pl\u00e1stico de un solo uso.<\/p>\n","protected":false},"author":1,"featured_media":0,"comment_status":"open","ping_status":"open","sticky":false,"template":"","format":"standard","meta":{"footnotes":""},"categories":[19],"tags":[],"class_list":["post-191","post","type-post","status-publish","format-standard","hentry","category-noticias"],"_links":{"self":[{"href":"https:\/\/www.desdegranada.com\/site\/index.php?rest_route=\/wp\/v2\/posts\/191","targetHints":{"allow":["GET"]}}],"collection":[{"href":"https:\/\/www.desdegranada.com\/site\/index.php?rest_route=\/wp\/v2\/posts"}],"about":[{"href":"https:\/\/www.desdegranada.com\/site\/index.php?rest_route=\/wp\/v2\/types\/post"}],"author":[{"embeddable":true,"href":"https:\/\/www.desdegranada.com\/site\/index.php?rest_route=\/wp\/v2\/users\/1"}],"replies":[{"embeddable":true,"href":"https:\/\/www.desdegranada.com\/site\/index.php?rest_route=%2Fwp%2Fv2%2Fcomments&post=191"}],"version-history":[{"count":0,"href":"https:\/\/www.desdegranada.com\/site\/index.php?rest_route=\/wp\/v2\/posts\/191\/revisions"}],"wp:attachment":[{"href":"https:\/\/www.desdegranada.com\/site\/index.php?rest_route=%2Fwp%2Fv2%2Fmedia&parent=191"}],"wp:term":[{"taxonomy":"category","embeddable":true,"href":"https:\/\/www.desdegranada.com\/site\/index.php?rest_route=%2Fwp%2Fv2%2Fcategories&post=191"},{"taxonomy":"post_tag","embeddable":true,"href":"https:\/\/www.desdegranada.com\/site\/index.php?rest_route=%2Fwp%2Fv2%2Ftags&post=191"}],"curies":[{"name":"wp","href":"https:\/\/api.w.org\/{rel}","templated":true}]}}