{"id":192,"date":"2020-03-04T16:06:08","date_gmt":"2020-03-04T16:06:08","guid":{"rendered":"https:\/\/www.desdegranada.com\/site\/?p=192"},"modified":"2020-03-04T16:06:08","modified_gmt":"2020-03-04T16:06:08","slug":"en-2020-continuan-los-domingos-de-futbol-en-la-cancha-el-carmelo","status":"publish","type":"post","link":"https:\/\/www.desdegranada.com\/site\/?p=192","title":{"rendered":"En 2020 contin\u00faan los domingos de f\u00fatbol en la cancha El Carmelo"},"content":{"rendered":"<p style=\"text-align: justify;\">Despu\u00e9s de las respectivas reuniones con los capitanes y l\u00edderes deportivos granadinos para preparar la sexta versi\u00f3n del Torneo de Integraci\u00f3n Granadino, se defini\u00f3 el domingo primero de\u00a0marzo como la fecha para dar inicio a la actividad futbol\u00edstica en el municipio.<\/p>\n<p style=\"text-align: justify;\"><img loading=\"lazy\" decoding=\"async\" src=\"images\/Torneo_de_integracin_2020-1.jpg\" alt=\"\" width=\"744\" height=\"435\" \/><\/p>\n<p style=\"text-align: justify;\">Un total de seis equipos participan de este torneo en 2020, y fueron Villa Hermosa Creafam y Kamila \u00cdntima los encargados de dar apertura a la sexta versi\u00f3n, que dej\u00f3 un resultado favorable de 3 a 1 para el equipo de Villa Hermosa Creafam.<\/p>\n<p style=\"text-align: justify;\">En los dos compromisos restantes, se enfrentaron Leones Medell\u00edn vs Deporpirry y World Cup vs Nueva Generaci\u00f3n. Leones Medell\u00edn se impuso con goleada 3 x 0, mientras que World Cup y Nueva Generaci\u00f3n empataron a un gol.<\/p>\n<p style=\"text-align: justify;\"><img loading=\"lazy\" decoding=\"async\" src=\"images\/Torneo_de_integracin_2020-2.jpg\" alt=\"\" width=\"744\" height=\"435\" \/><\/p>\n<p style=\"text-align: justify;\">De momento Leones Medell\u00edn y Villa Hermosa Creafam se ponen al frente de la clasificaci\u00f3n de la sexta versi\u00f3n del torneo, que tendr\u00e1 su desarrollo a lo largo del a\u00f1o y que cuenta con el apoyo de la administraci\u00f3n municipal y las cooperativas Coogranada y Creafam con sus respectivas fundaciones sociales.<\/p>\n","protected":false},"excerpt":{"rendered":"<p style=\"text-align: justify;\">Luego de un breve receso por vacaciones de fin de a\u00f1o, volvi\u00f3 la actividad deportiva a la cancha El Carmelo.<\/p>\n","protected":false},"author":1,"featured_media":0,"comment_status":"open","ping_status":"open","sticky":false,"template":"","format":"standard","meta":{"footnotes":""},"categories":[19],"tags":[],"class_list":["post-192","post","type-post","status-publish","format-standard","hentry","category-noticias"],"_links":{"self":[{"href":"https:\/\/www.desdegranada.com\/site\/index.php?rest_route=\/wp\/v2\/posts\/192","targetHints":{"allow":["GET"]}}],"collection":[{"href":"https:\/\/www.desdegranada.com\/site\/index.php?rest_route=\/wp\/v2\/posts"}],"about":[{"href":"https:\/\/www.desdegranada.com\/site\/index.php?rest_route=\/wp\/v2\/types\/post"}],"author":[{"embeddable":true,"href":"https:\/\/www.desdegranada.com\/site\/index.php?rest_route=\/wp\/v2\/users\/1"}],"replies":[{"embeddable":true,"href":"https:\/\/www.desdegranada.com\/site\/index.php?rest_route=%2Fwp%2Fv2%2Fcomments&post=192"}],"version-history":[{"count":0,"href":"https:\/\/www.desdegranada.com\/site\/index.php?rest_route=\/wp\/v2\/posts\/192\/revisions"}],"wp:attachment":[{"href":"https:\/\/www.desdegranada.com\/site\/index.php?rest_route=%2Fwp%2Fv2%2Fmedia&parent=192"}],"wp:term":[{"taxonomy":"category","embeddable":true,"href":"https:\/\/www.desdegranada.com\/site\/index.php?rest_route=%2Fwp%2Fv2%2Fcategories&post=192"},{"taxonomy":"post_tag","embeddable":true,"href":"https:\/\/www.desdegranada.com\/site\/index.php?rest_route=%2Fwp%2Fv2%2Ftags&post=192"}],"curies":[{"name":"wp","href":"https:\/\/api.w.org\/{rel}","templated":true}]}}