{"id":193,"date":"2020-03-04T17:40:56","date_gmt":"2020-03-04T17:40:56","guid":{"rendered":"https:\/\/www.desdegranada.com\/site\/?p=193"},"modified":"2020-03-04T17:40:56","modified_gmt":"2020-03-04T17:40:56","slug":"granada-en-bici-invita-a-pedalear-a-la-comunidad","status":"publish","type":"post","link":"https:\/\/www.desdegranada.com\/site\/?p=193","title":{"rendered":"\u2018Granada en bici\u2019 invita a pedalear a la comunidad"},"content":{"rendered":"<p>Con la participaci\u00f3n de alrededor de 150 personas arranc\u00f3 \u2018Granada en bici\u2019 el 19 de febrero y se proyecta desarrollar dicha jornada cada quince d\u00edas, los mi\u00e9rcoles.<\/p>\n<p><img decoding=\"async\" src=\"images\/Granada_en_bici.jpg\" alt=\"\" \/><\/p>\n<p>Mantenimientos para bicicletas, carima\u00f1olas y uniformes son algunos de los incentivos que se sortear\u00e1n entre los granadinos que se animen a pedalear. Quienes asistan a todos los recorridos hasta el 24 de junio y est\u00e9n inscritos en la lista de participantes de los recorridos, tendr\u00e1n la posibilidad de ganar una bicicleta personalizada por valor de un mill\u00f3n de pesos que entregar\u00e1 el club.<\/p>\n<p>Este mi\u00e9rcoles 4 de marzo a partir de las 5:00pm, se vendr\u00e1 la segunda jornada de \u2018Granada en bici\u2019, en la que se espera un n\u00famero de participantes igual o superior al del encuentro anterior. \u00a1Vamos a pedalear!<\/p>\n","protected":false},"excerpt":{"rendered":"<p>Granada en bici es una propuesta del Club Escuela de Ciclismo de Granada y la Fundaci\u00f3n Deportiva y Cultural Tejiendo Sue\u00f1os, que pretende incentivar el uso de la bicicleta y generar un espacio de integraci\u00f3n para las familias granadinas y comunidad en general.<\/p>\n","protected":false},"author":1,"featured_media":0,"comment_status":"open","ping_status":"open","sticky":false,"template":"","format":"standard","meta":{"footnotes":""},"categories":[19],"tags":[],"class_list":["post-193","post","type-post","status-publish","format-standard","hentry","category-noticias"],"_links":{"self":[{"href":"https:\/\/www.desdegranada.com\/site\/index.php?rest_route=\/wp\/v2\/posts\/193","targetHints":{"allow":["GET"]}}],"collection":[{"href":"https:\/\/www.desdegranada.com\/site\/index.php?rest_route=\/wp\/v2\/posts"}],"about":[{"href":"https:\/\/www.desdegranada.com\/site\/index.php?rest_route=\/wp\/v2\/types\/post"}],"author":[{"embeddable":true,"href":"https:\/\/www.desdegranada.com\/site\/index.php?rest_route=\/wp\/v2\/users\/1"}],"replies":[{"embeddable":true,"href":"https:\/\/www.desdegranada.com\/site\/index.php?rest_route=%2Fwp%2Fv2%2Fcomments&post=193"}],"version-history":[{"count":0,"href":"https:\/\/www.desdegranada.com\/site\/index.php?rest_route=\/wp\/v2\/posts\/193\/revisions"}],"wp:attachment":[{"href":"https:\/\/www.desdegranada.com\/site\/index.php?rest_route=%2Fwp%2Fv2%2Fmedia&parent=193"}],"wp:term":[{"taxonomy":"category","embeddable":true,"href":"https:\/\/www.desdegranada.com\/site\/index.php?rest_route=%2Fwp%2Fv2%2Fcategories&post=193"},{"taxonomy":"post_tag","embeddable":true,"href":"https:\/\/www.desdegranada.com\/site\/index.php?rest_route=%2Fwp%2Fv2%2Ftags&post=193"}],"curies":[{"name":"wp","href":"https:\/\/api.w.org\/{rel}","templated":true}]}}