{"id":197,"date":"2020-03-13T14:42:21","date_gmt":"2020-03-13T14:42:21","guid":{"rendered":"https:\/\/www.desdegranada.com\/site\/?p=197"},"modified":"2020-03-13T14:42:21","modified_gmt":"2020-03-13T14:42:21","slug":"alrededor-de-150-empleos-generara-la-empresa-marka-propia-internacional-en-granada","status":"publish","type":"post","link":"https:\/\/www.desdegranada.com\/site\/?p=197","title":{"rendered":"Alrededor de 150 empleos generar\u00e1 la empresa Marka Propia Internacional en Granada"},"content":{"rendered":"<p style=\"text-align: justify;\">Con la idea de crecer y generar oportunidades de empleo en otras zonas, Marka Propia Internacional, empresa que funciona actualmente en el municipio de El Santuario, estuvo buscando en varios municipios del oriente un espacio para asentar su actividad productiva y encontr\u00f3 en Granada las condiciones para desarrollar su proyecto.<\/p>\n<p style=\"text-align: justify;\"><img loading=\"lazy\" decoding=\"async\" title=\"Programa informativo con Marka Propia Internacional\" src=\"images\/MArka_Propia.jpg\" alt=\"Programa informativo con Marka Propia Internacional\" width=\"744\" height=\"435\" \/><\/p>\n<p style=\"text-align: justify;\">\u201cGranada me llam\u00f3 la atenci\u00f3n por el tema de que puede reactivarse despu\u00e9s de la violencia que vivieron. Me llam\u00f3 la atenci\u00f3n porque es importante que la gente que est\u00e1 afuera empiece a ver a Granada como una oportunidad, que se den cuenta que aqu\u00ed se pueden tejer cosas importantes, que se pueden hacer cosas muy grandes y que la comunidad ya est\u00e1 preparada para eso, y que si no est\u00e1 preparada, pues eso es lo que tenemos que hacer desde un emprendimiento\u201d, explic\u00f3 Noraida Hern\u00e1ndez, representante de la empresa.<\/p>\n<p style=\"text-align: justify;\">El antiguo Hogar Juvenil Campesino de Varones, donde ya se adelantan adecuaciones, es el lugar en el que funcionar\u00e1 la empresa que, en su idea de consolidar dicho proyecto, buscar\u00e1 aliados como la administraci\u00f3n municipal y empresarios granadinos para generar un impacto positivo en la localidad.<\/p>\n<p style=\"text-align: justify;\"><img loading=\"lazy\" decoding=\"async\" title=\"Espacio donde funcionar\u00e1 la empresa Marka Propia Internacional\" src=\"images\/MArka_Propia_1.jpg\" alt=\"Espacio donde funcionar\u00e1 la empresa Marka Propia Internacional\" width=\"744\" height=\"435\" \/><\/p>\n<p style=\"text-align: justify;\">\u201cEn Granada, venimos a construir tejido social y la invitaci\u00f3n es a que ustedes como granadinos, nosotros como emprendedores, podamos trabajare en equipo en la conformaci\u00f3n de este proyecto tan ambicioso que tenemos para servicio de toda la comunidad\u201d, Germ\u00e1n Campillo de Marka Propia Internacional.<\/p>\n<p style=\"text-align: justify;\">Desde el pr\u00f3ximo 26 de marzo inicia la etapa de entrevistas para seleccionar el grupo de entre 20 y 25 personas que se emplear\u00e1n a partir del 1 de abril. Los empleos son completamente formales y los empleados gozar\u00e1n de todas las condiciones legales de trabajo. Con el apoyo del SENA, se espera iniciar a mediados del mismo mes, un proceso de capacitaci\u00f3n con entre 25 y 30 personas, que tiene una duraci\u00f3n aproximada de 3 meses y una vez culminado vincular\u00e1 de inmediato a las personas a laborar en la empresa.<\/p>\n<p style=\"text-align: justify;\"><iframe loading=\"lazy\" src=\"\/\/www.youtube.com\/embed\/lXZRa8KrJ2E\" width=\"720\" height=\"480\" allowfullscreen=\"allowfullscreen\"><\/iframe><\/p>\n","protected":false},"excerpt":{"rendered":"<p style=\"text-align: justify;\">Marka Propia Internacional es una empresa de confecciones que pretende radicarse en Granada con un proyecto que en el mediano plazo espera generar 150 empleos formales.<\/p>\n","protected":false},"author":1,"featured_media":0,"comment_status":"open","ping_status":"open","sticky":false,"template":"","format":"standard","meta":{"footnotes":""},"categories":[19],"tags":[],"class_list":["post-197","post","type-post","status-publish","format-standard","hentry","category-noticias"],"_links":{"self":[{"href":"https:\/\/www.desdegranada.com\/site\/index.php?rest_route=\/wp\/v2\/posts\/197","targetHints":{"allow":["GET"]}}],"collection":[{"href":"https:\/\/www.desdegranada.com\/site\/index.php?rest_route=\/wp\/v2\/posts"}],"about":[{"href":"https:\/\/www.desdegranada.com\/site\/index.php?rest_route=\/wp\/v2\/types\/post"}],"author":[{"embeddable":true,"href":"https:\/\/www.desdegranada.com\/site\/index.php?rest_route=\/wp\/v2\/users\/1"}],"replies":[{"embeddable":true,"href":"https:\/\/www.desdegranada.com\/site\/index.php?rest_route=%2Fwp%2Fv2%2Fcomments&post=197"}],"version-history":[{"count":0,"href":"https:\/\/www.desdegranada.com\/site\/index.php?rest_route=\/wp\/v2\/posts\/197\/revisions"}],"wp:attachment":[{"href":"https:\/\/www.desdegranada.com\/site\/index.php?rest_route=%2Fwp%2Fv2%2Fmedia&parent=197"}],"wp:term":[{"taxonomy":"category","embeddable":true,"href":"https:\/\/www.desdegranada.com\/site\/index.php?rest_route=%2Fwp%2Fv2%2Fcategories&post=197"},{"taxonomy":"post_tag","embeddable":true,"href":"https:\/\/www.desdegranada.com\/site\/index.php?rest_route=%2Fwp%2Fv2%2Ftags&post=197"}],"curies":[{"name":"wp","href":"https:\/\/api.w.org\/{rel}","templated":true}]}}