{"id":198,"date":"2020-03-16T14:42:31","date_gmt":"2020-03-16T14:42:31","guid":{"rendered":"https:\/\/www.desdegranada.com\/site\/?p=198"},"modified":"2020-03-16T14:42:31","modified_gmt":"2020-03-16T14:42:31","slug":"alcaldia-de-granada-adopta-medidas-para-evitar-propagacion-del-covid-19","status":"publish","type":"post","link":"https:\/\/www.desdegranada.com\/site\/?p=198","title":{"rendered":"Alcald\u00eda de Granada\u00a0 adopta medidas para evitar propagaci\u00f3n del COVID -19"},"content":{"rendered":"<p style=\"text-align: justify;\">Debido a los anuncios del Gobierno Nacional, en Granada, el\u00a0 alcalde Freddy Casta\u00f1o se acogi\u00f3 \u00a0al llamado de la presidencia y gobernaci\u00f3n con el prop\u00f3sito de prevenir m\u00e1s afectaciones en la salud p\u00fablica con la propagaci\u00f3n del virus, por lo tanto se adoptan diferentes precauciones, la cuales se las contamos: \u00a0<\/p>\n<ol style=\"text-align: justify;\">\n<li>No se tendr\u00e1n clases en el municipio de Granada \u00e1rea urbana y rural hasta nuevo aviso.<\/li>\n<li>Los establecimientos p\u00fablicos de servicio a la comunidad como: Coliseo, Casa de la Cultura, Centro de Desarrollo Infantil no estar\u00e1n disponibles para el desarrollo de actividades acad\u00e9micas y recreativas.<\/li>\n<li>La feria de ganado que se desarrolla los d\u00edas los lunes queda aplazada.<\/li>\n<li>Programas sociales como la casa de la cultura, deporte y recreaci\u00f3n y de los adultos mayores quedan suspendidos hasta nuevo aviso.<\/li>\n<\/ol>\n<p style=\"text-align: justify;\">\u00a0Estas medias regir\u00e1n a partir del 16 de marzo\u00a0 \u201cestas directrices son de inmediato cumplimiento\u201d afirm\u00f3 Freddy Casta\u00f1o \u201cla medidas van encaminadas a evitar la presencia del virus y garantizar la salud en buen estado de los granadinos\u201d recalc\u00f3 el mandatario local.<\/p>\n","protected":false},"excerpt":{"rendered":"<p style=\"text-align: justify;\">El domingo 15 de marzo el presidente de la rep\u00fablica, Iv\u00e1n Duque, anunci\u00f3 una serie de medidas que regir\u00e1n desde el lunes y las cuales tienen el objetivo de frenar la propagaci\u00f3n del COVID-19. Las autoridades informan que en total 45 personas est\u00e1n contagiadas con el virus en el pa\u00eds, 9 de ellas detectadas en las \u00faltimas horas.\u00a0\u00a0\u00a0<\/p>\n","protected":false},"author":1,"featured_media":0,"comment_status":"open","ping_status":"open","sticky":false,"template":"","format":"standard","meta":{"footnotes":""},"categories":[19],"tags":[],"class_list":["post-198","post","type-post","status-publish","format-standard","hentry","category-noticias"],"_links":{"self":[{"href":"https:\/\/www.desdegranada.com\/site\/index.php?rest_route=\/wp\/v2\/posts\/198","targetHints":{"allow":["GET"]}}],"collection":[{"href":"https:\/\/www.desdegranada.com\/site\/index.php?rest_route=\/wp\/v2\/posts"}],"about":[{"href":"https:\/\/www.desdegranada.com\/site\/index.php?rest_route=\/wp\/v2\/types\/post"}],"author":[{"embeddable":true,"href":"https:\/\/www.desdegranada.com\/site\/index.php?rest_route=\/wp\/v2\/users\/1"}],"replies":[{"embeddable":true,"href":"https:\/\/www.desdegranada.com\/site\/index.php?rest_route=%2Fwp%2Fv2%2Fcomments&post=198"}],"version-history":[{"count":0,"href":"https:\/\/www.desdegranada.com\/site\/index.php?rest_route=\/wp\/v2\/posts\/198\/revisions"}],"wp:attachment":[{"href":"https:\/\/www.desdegranada.com\/site\/index.php?rest_route=%2Fwp%2Fv2%2Fmedia&parent=198"}],"wp:term":[{"taxonomy":"category","embeddable":true,"href":"https:\/\/www.desdegranada.com\/site\/index.php?rest_route=%2Fwp%2Fv2%2Fcategories&post=198"},{"taxonomy":"post_tag","embeddable":true,"href":"https:\/\/www.desdegranada.com\/site\/index.php?rest_route=%2Fwp%2Fv2%2Ftags&post=198"}],"curies":[{"name":"wp","href":"https:\/\/api.w.org\/{rel}","templated":true}]}}