{"id":199,"date":"2020-03-16T15:57:30","date_gmt":"2020-03-16T15:57:30","guid":{"rendered":"https:\/\/www.desdegranada.com\/site\/?p=199"},"modified":"2020-03-16T15:57:30","modified_gmt":"2020-03-16T15:57:30","slug":"aplazado-bazar-pro-centro-de-bienestar-del-anciano","status":"publish","type":"post","link":"https:\/\/www.desdegranada.com\/site\/?p=199","title":{"rendered":"Aplazado bazar pro Centro de Bienestar del Anciano"},"content":{"rendered":"<p><img decoding=\"async\" src=\"images\/cancelado_bazar_pro_CBA_1.jpg\" alt=\"\" \/><\/p>\n<p>Este evento se ha venido desarrollando en los \u00faltimos a\u00f1os con el prop\u00f3sito recolectar recursos que permitan realizar diferentes obras en el Centro de Bienestar.<\/p>\n<p>Teniendo en cuenta que los adultos mayores son una de las poblaciones m\u00e1s propensas a contagiarse con el virus, se decidi\u00f3 tambi\u00e9n suspender de manera indefinida las visitas a los abuelos que viven en este espacio .<\/p>\n","protected":false},"excerpt":{"rendered":"<p>Acatando las medidas impuestas desde el gobierno nacional de cancelar la realizaci\u00f3n de eventos que re\u00fanan grandes cantidades de personas para prevenir la propagaci\u00f3n del COVID-19, desde las directivas del Centro de Bienestar del Anciano San Jos\u00e9 se decidi\u00f3 aplazar el bazar que estaba programado para el domingo 22 de marzo.<\/p>\n","protected":false},"author":1,"featured_media":0,"comment_status":"open","ping_status":"open","sticky":false,"template":"","format":"standard","meta":{"footnotes":""},"categories":[19],"tags":[],"class_list":["post-199","post","type-post","status-publish","format-standard","hentry","category-noticias"],"_links":{"self":[{"href":"https:\/\/www.desdegranada.com\/site\/index.php?rest_route=\/wp\/v2\/posts\/199","targetHints":{"allow":["GET"]}}],"collection":[{"href":"https:\/\/www.desdegranada.com\/site\/index.php?rest_route=\/wp\/v2\/posts"}],"about":[{"href":"https:\/\/www.desdegranada.com\/site\/index.php?rest_route=\/wp\/v2\/types\/post"}],"author":[{"embeddable":true,"href":"https:\/\/www.desdegranada.com\/site\/index.php?rest_route=\/wp\/v2\/users\/1"}],"replies":[{"embeddable":true,"href":"https:\/\/www.desdegranada.com\/site\/index.php?rest_route=%2Fwp%2Fv2%2Fcomments&post=199"}],"version-history":[{"count":0,"href":"https:\/\/www.desdegranada.com\/site\/index.php?rest_route=\/wp\/v2\/posts\/199\/revisions"}],"wp:attachment":[{"href":"https:\/\/www.desdegranada.com\/site\/index.php?rest_route=%2Fwp%2Fv2%2Fmedia&parent=199"}],"wp:term":[{"taxonomy":"category","embeddable":true,"href":"https:\/\/www.desdegranada.com\/site\/index.php?rest_route=%2Fwp%2Fv2%2Fcategories&post=199"},{"taxonomy":"post_tag","embeddable":true,"href":"https:\/\/www.desdegranada.com\/site\/index.php?rest_route=%2Fwp%2Fv2%2Ftags&post=199"}],"curies":[{"name":"wp","href":"https:\/\/api.w.org\/{rel}","templated":true}]}}