{"id":214,"date":"2020-04-20T19:35:09","date_gmt":"2020-04-20T19:35:09","guid":{"rendered":"https:\/\/www.desdegranada.com\/site\/?p=214"},"modified":"2020-04-20T19:35:09","modified_gmt":"2020-04-20T19:35:09","slug":"diecinueve-anos-despues-de-la-masacre-de-el-vergel","status":"publish","type":"post","link":"https:\/\/www.desdegranada.com\/site\/?p=214","title":{"rendered":"Diecinueve a\u00f1os despu\u00e9s de la masacre de El Vergel"},"content":{"rendered":"<p style=\"text-align: justify;\">Recordar mi infancia en la vereda el Vergel es vivir la solidaridad y unidad entre vecinos, las risas y los juegos en la escuela, el apoyo mutuo en los momentos m\u00e1s dif\u00edciles; es aprender que la organizaci\u00f3n es uno de los valores m\u00e1s importantes para que las actividades propuestas tengan un buen final, y ante todo es recordar a grandes l\u00edderes eclesi\u00e1sticos y comunitarios que le han aportado, no solo a la vereda sino a Granada.<\/p>\n<p style=\"text-align: justify;\">El Vergel, como lo expresa su nombre era ese Jard\u00edn de paz, un lugar donde la vida pasaba sin contratiempos, las preocupaciones se daban por organizar la escuela o buscar recursos para ayudar a los vecinos, la vida se disfrutaba al m\u00e1ximo, una vereda caracterizada por su esp\u00edritu de solidaridad y por ser cuna de grandes l\u00edderes.<\/p>\n<p style=\"text-align: justify;\"><em>Diecinueve\u00a0a\u00f1os de una de nuestras peores tragedias:<\/em><\/p>\n<p style=\"text-align: justify;\">Es inevitable que \u00a0por estas fechas se haga presente en mi mente los recuerdos de mi padre, como olvidar aquel hombre trabajador, cari\u00f1oso y ejemplar que d\u00eda a d\u00eda de la mano de mi madre luchaba por el bienestar de nuestro hogar, \u00bfc\u00f3mo buscar una explicaci\u00f3n que deje satisfecha mi raz\u00f3n para comprender porque un d\u00eda sin nadie anunciarlo tuvo que alejarse de m\u00ed para nunca regresar?<\/p>\n<p style=\"text-align: justify;\">Se conmemoran 19 a\u00f1os de la masacre en la vereda El Vergel en la que murieron siete campesinos humildes, sencillos y l\u00edderes que se encontraban en el altar del trabajo.Fueron hijos, hermanos, padres, esposos, grandes amigos que no merec\u00edan perecer en el conflicto absurdo en el que nos sumergimos para aquellos a\u00f1os, siete personas que dejaron grandes ense\u00f1anzas, que hacen imposible que nos olvidemos de ellos y que en nuestras vidas est\u00e9n presentes a cada instante.<\/p>\n<p style=\"text-align: justify;\"><em><img decoding=\"async\" src=\"images\/Masacre_paramilitar_El_Vergel.jpg\" alt=\"\" \/><\/em><\/p>\n<p style=\"text-align: justify;\"><em>El d\u00eda de la tragedia.<\/em><\/p>\n<p style=\"text-align: justify;\">Eran alrededor de las 10 de la ma\u00f1ana, un d\u00eda hermoso sobre las tierras granadinas; sin embargo aquellos hombres que llegaron a la vereda, que vest\u00edan uniformes de fuerzas militares no les import\u00f3 opacar esta hermosa ma\u00f1ana, su misi\u00f3n era asesinar a los hombres que fueran de Granada. Recuerdo que mi pap\u00e1 se encontraba jornaleando en una finca vecina en compa\u00f1\u00eda de mi mam\u00e1 y otros vecinos, que sumados llegan al n\u00famero de ocho personas.<\/p>\n<p style=\"text-align: justify;\">Cuando estos uniformados se acercaron a la parcela en la que se encontraba mi padre todo fue normal, pues seg\u00fan su pregunta solo les importaba saber qui\u00e9n era de Granada, mi mam\u00e1 me cuenta que mi pap\u00e1 era el \u00fanico que ten\u00eda c\u00e9dula de Granada, incluso se\u00f1alaron un compa\u00f1ero, asegurando que lo hab\u00edan visto en el pueblo, \u00e9l con su c\u00e9dula les confirm\u00f3 que era de El Santuario, luego de percatarse que solo hab\u00eda un hombre de Granada procedieron a desarmarlo, que iron\u00eda mientras ellos eran tres y ten\u00edan armas suficientes, a mi pap\u00e1 le quitaron su machete, el \u00a0mismo que por un buen tiempo le hab\u00eda servido para ayudarse en las labores diarias del campo.<\/p>\n<p style=\"text-align: justify;\">Supongo que para estas personas\u00a0 no era f\u00e1cil asesinar a un hombre inocente delante de sus compa\u00f1eros de trabajo, as\u00ed que custodiados llevaron a todos los que estaban all\u00ed hasta la casa de la finca, mi padre era quien hac\u00eda la diferencia en este grupo, cargaba el gran delito de ser oriundo de Granada, \u201ctodos entren a la casa, no salgan hasta la 2:00 pm, vamos a dejar gente vigilando\u201d estas palabras utilizaron los uniformados para asegurarse de que no tendr\u00edan testigos.<\/p>\n<p style=\"text-align: justify;\">\u201cYo voy con \u00e9l\u201d expres\u00f3 mi madre, que valent\u00eda y \u00a0nobleza de una esposa para con su amado; encontrando como respuesta: \u201ctranquila, \u00e9l ya vuelve\u201d en ese momento y con \u00a0una mirada fija y triste, mi pap\u00e1 trataba despedirse de mi madre\u2026\u00a0 \u201ccamine carechimba\u201d fueron las \u00a0palabras m\u00e1s fr\u00edvolas para marcar una despedida\u2026 pero fueron las que utilizaron aquellas personas para que mi pap\u00e1 los siguiera y se marcara la despedida de dos seres amados&#8230; Mientras tanto\u00a0 mi madre y sus otros compa\u00f1eros miraban inconsolables como aquellos hombres se lo llevaban con la promesa de que pronto vendr\u00eda. Hoy 19 a\u00f1os despu\u00e9s los seguimos esperando\u2026<\/p>\n<p style=\"text-align: justify;\">Eran alrededor de las 11:00 am, aproximadamente, a\u00fan faltaban tres horas de encierro, para no ser testigos de la tortura a la\u00a0 que sometieron a mi padre.<\/p>\n<p style=\"text-align: justify;\">Recuerdo claramente que yo estaba en la casa y deb\u00eda ir al lugar donde estaban trabajando mis pap\u00e1s, cuando caminaba me encontr\u00e9 un muerto, estaba boca abajo, por lo cual \u00a0no lo reconoc\u00ed, del susto me devolv\u00ed corriendo y\u00a0 fui para la casa de mi abuela paterna; desde el patio observ\u00e9 \u00a0un grupo de uniformados cruzando \u00a0por \u00a0un potrero, delante de ellos hab\u00eda un grupo de civiles, a lo lejos era dif\u00edcil \u00a0reconocerlos, por lo tanto no puede saber si estaban mis padres. La noci\u00f3n del tiempo se perdi\u00f3 para m\u00ed, quiz\u00e1s pasaron 10 \u00f3 20 minutos, \u00a0no lo sab\u00eda.<\/p>\n<p style=\"text-align: justify;\">A la casa de mi abuela lleg\u00f3 Margola, una vecina, quien\u00a0 asustada y agitada nos avis\u00f3 la tragedia que viv\u00eda la vereda: \u201cA Josecito lo mataron \u2013Josecito era mi padre-, Efra\u00edn no se ve en el trabajadero y en la casa qued\u00f3 Nora con unos hombres\u201d de inmediato mi abuela expres\u00f3: \u201cay mi hijo querido\u201d.<\/p>\n<p style=\"text-align: justify;\">Mi abuela se qued\u00f3 llorando en la casa y yo le dije \u00a0do\u00f1a Margola que me acompa\u00f1ara a buscar a mi mam\u00e1; salimos, en primer momento nos dirig\u00edamos al lugar donde estaba trabajando mi padre, pero no vimos a nadie, nos \u00edbamos a regresar pero yo le dije que silencio, que \u00a0ah\u00ed hab\u00eda un muerto\u2026 no s\u00e9 de d\u00f3nde sac\u00f3 fuerzas do\u00f1a Margola para levantarlo, despu\u00e9s de verlo dijo: \u201cHasta ac\u00e1 llegamos mi amorcito\u201d, el muerto era el esposo de Margola, que se llamaba\u00a0 Vicente.<\/p>\n<p style=\"text-align: justify;\">A pesar del dolor de ver a su esposo muerto, decidi\u00f3 seguir acompa\u00f1\u00e1ndome\u00a0 a buscar a mi mam\u00e1, pasamos por todo el potrero; \u00a0yo gritaba mam\u00e1, mam\u00e1\u2026 fueron momentos inexplicables, la desesperaci\u00f3n, la angustia nos consum\u00eda por completo, las piernas y las manos nos temblaba, pero de todas maneras segu\u00edamos hacia adelante\u2026 al fin llegamos a la casa donde estaba mi mam\u00e1 con los dem\u00e1s, do\u00f1a Margola fue quien dio la noticia, \u00a0mientras tanto yo abrac\u00e9 a mi mam\u00e1 llorando.<\/p>\n<p style=\"text-align: justify;\">La orden era salir a las 2:00 pm, pues iban a dejar gente vigilando, el miedo que todos sent\u00edamos despu\u00e9s de saber que hab\u00edan matado a mi pap\u00e1 y a Vicentico era grande, salimos 15 minutos despu\u00e9s de la hora indicada, detr\u00e1s de la casa a pocos metros estaba el cad\u00e1ver de mi pap\u00e1; claramente recuerdo dos pu\u00f1aladas que ten\u00eda,una en la sien y otra cerca a sus costillas.<\/p>\n<p style=\"text-align: justify;\">En medio de la confusi\u00f3n, el miedo y la desesperaci\u00f3n de la vereda,\u00a0\u00a0se empezaron a conocer los nombres de las siete personas que hab\u00edan perecido, las especulaciones y la noticia lleg\u00f3 a Granada, mientras en cada uno de los lugares los familiares empezaban a hacer el duelo.<\/p>\n<p style=\"text-align: justify;\">C\u00f3mo no recordar a don Humberto\u00a0 Ram\u00edrez l\u00edder comprometido con los movimientos sociales y religiosos del pueblo a quien la gente le reconoc\u00eda su humildad y su carisma para trabajar con la comunidad, imposible olvidar a Vicente Giraldo aquel viejito que gritaba desde su arado a los estudiantes que pas\u00e1bamos por su propiedad: \u201cno dejen el broche del potrero abierto, porque se me \u00a0sale el ganado\u201d y a su hijo Efra\u00edn, que era parte activa del grupo comunitario que se empezaba a tejer en la vereda, a Humberto y Gustavo Duque\u00a0 quienes eran hermanos y estaban en la flor de la\u00a0 juventud, apenas comenzaban a vivir su vida; Dar\u00edo Aristiz\u00e1bal,\u00a0 un padre entregado a su hogar y a mi padre Jos\u00e9 Ram\u00edrez aquel hombre cari\u00f1oso y humilde\u00a0 que dej\u00f3 sus mejores ejemplos en mi coraz\u00f3n, son muchas las cualidades que adornaban a cada uno de ellos.<\/p>\n<p style=\"text-align: justify;\">Que infamia que para asesinar a 7 personas hubieran utilizado 180 pu\u00f1aladas, es un dato incre\u00edble, ser\u00edan en promedio 25 pu\u00f1aladas por personas.<\/p>\n","protected":false},"excerpt":{"rendered":"<p style=\"text-align: justify;\">Por: Leidy Ram\u00edrez<\/p>\n<p style=\"text-align: justify;\">En ocasiones es dif\u00edcil hacer memoria de aquellos acontecimientos que marcaron nuestras vidas, pero m\u00e1s dif\u00edcil se nos hace olvidar a personas importantes para nuestra existencia como lo son amigos, compa\u00f1eros, vecinos, hermanos y padres.<\/p>\n","protected":false},"author":1,"featured_media":0,"comment_status":"open","ping_status":"open","sticky":false,"template":"","format":"standard","meta":{"footnotes":""},"categories":[20],"tags":[],"class_list":["post-214","post","type-post","status-publish","format-standard","hentry","category-columnistas"],"_links":{"self":[{"href":"https:\/\/www.desdegranada.com\/site\/index.php?rest_route=\/wp\/v2\/posts\/214","targetHints":{"allow":["GET"]}}],"collection":[{"href":"https:\/\/www.desdegranada.com\/site\/index.php?rest_route=\/wp\/v2\/posts"}],"about":[{"href":"https:\/\/www.desdegranada.com\/site\/index.php?rest_route=\/wp\/v2\/types\/post"}],"author":[{"embeddable":true,"href":"https:\/\/www.desdegranada.com\/site\/index.php?rest_route=\/wp\/v2\/users\/1"}],"replies":[{"embeddable":true,"href":"https:\/\/www.desdegranada.com\/site\/index.php?rest_route=%2Fwp%2Fv2%2Fcomments&post=214"}],"version-history":[{"count":0,"href":"https:\/\/www.desdegranada.com\/site\/index.php?rest_route=\/wp\/v2\/posts\/214\/revisions"}],"wp:attachment":[{"href":"https:\/\/www.desdegranada.com\/site\/index.php?rest_route=%2Fwp%2Fv2%2Fmedia&parent=214"}],"wp:term":[{"taxonomy":"category","embeddable":true,"href":"https:\/\/www.desdegranada.com\/site\/index.php?rest_route=%2Fwp%2Fv2%2Fcategories&post=214"},{"taxonomy":"post_tag","embeddable":true,"href":"https:\/\/www.desdegranada.com\/site\/index.php?rest_route=%2Fwp%2Fv2%2Ftags&post=214"}],"curies":[{"name":"wp","href":"https:\/\/api.w.org\/{rel}","templated":true}]}}