{"id":215,"date":"2020-04-24T16:13:12","date_gmt":"2020-04-24T16:13:12","guid":{"rendered":"https:\/\/www.desdegranada.com\/site\/?p=215"},"modified":"2020-04-24T16:13:12","modified_gmt":"2020-04-24T16:13:12","slug":"comerciantes-y-campesinos-dan-la-mano-a-los-mas-necesitados-de-granada","status":"publish","type":"post","link":"https:\/\/www.desdegranada.com\/site\/?p=215","title":{"rendered":"Comerciantes y campesinos dan la mano a los m\u00e1s necesitados de Granada"},"content":{"rendered":"<p style=\"text-align: justify;\">Adem\u00e1s del protagonista principal a nivel mundial que ha sido el coronavirus, otros actores sin intenci\u00f3n de sobresalir, se han hecho presentes para ayudar a que quienes tienen mayores necesidades por estos d\u00edas.<\/p>\n<p style=\"text-align: justify;\"><img loading=\"lazy\" decoding=\"async\" src=\"images\/Aporte_comerciantres_y_campesinos_1.jpg\" alt=\"\" width=\"744\" height=\"435\" \/><\/p>\n<p style=\"text-align: justify;\">Este es el caso de la poblaci\u00f3n campesina de las 52 veredas del municipio, que ha venido aportando productos cosechados en sus fincas, <strong>los cuales se han canalizado a trav\u00e9s de la sociedad San Vicente de Pa\u00fal <\/strong>para distribuir entre quienes no tienen la facilidad de comprar alimentos en esta contingencia. Durante las tres \u00faltimas semanas en un recorrido que se realiz\u00f3 por cuencas, se recolectaron alrededor de 8 toneladas de productos.<\/p>\n<p style=\"text-align: justify;\"><img loading=\"lazy\" decoding=\"async\" src=\"images\/Aporte_comerciantres_y_campesinos_2.jpg\" alt=\"\" width=\"744\" height=\"435\" \/><\/p>\n<p style=\"text-align: justify;\">Tambi\u00e9n se han sumado algunos comerciantes que buscan ayudar a las personas que m\u00e1s lo necesitan, uno de ellos el empresario granadino Alfonso Urrea quien don\u00f3 7 toneladas y otros granadinos que a trav\u00e9s de Lazos de Amor Mariano hicieron llegar a San Vicente mercados para entregar a las personas que est\u00e1n en la base de datos de la organizaci\u00f3n.<\/p>\n<p style=\"text-align: justify;\">Diferentes situaciones adversas han generado mayor uni\u00f3n entre el pueblo granadino y han hecho de la solidaridad la caracter\u00edstica m\u00e1s sobresaliente de nuestra gente.<\/p>\n","protected":false},"excerpt":{"rendered":"<p style=\"text-align: justify;\">La emergencia sanitaria provocada por el covid \u2013 19, que ha conllevado al aislamiento obligatorio, ha despertado una vez m\u00e1s el esp\u00edritu solidario del pueblo granadino.<\/p>\n","protected":false},"author":1,"featured_media":0,"comment_status":"open","ping_status":"open","sticky":false,"template":"","format":"standard","meta":{"footnotes":""},"categories":[19],"tags":[],"class_list":["post-215","post","type-post","status-publish","format-standard","hentry","category-noticias"],"_links":{"self":[{"href":"https:\/\/www.desdegranada.com\/site\/index.php?rest_route=\/wp\/v2\/posts\/215","targetHints":{"allow":["GET"]}}],"collection":[{"href":"https:\/\/www.desdegranada.com\/site\/index.php?rest_route=\/wp\/v2\/posts"}],"about":[{"href":"https:\/\/www.desdegranada.com\/site\/index.php?rest_route=\/wp\/v2\/types\/post"}],"author":[{"embeddable":true,"href":"https:\/\/www.desdegranada.com\/site\/index.php?rest_route=\/wp\/v2\/users\/1"}],"replies":[{"embeddable":true,"href":"https:\/\/www.desdegranada.com\/site\/index.php?rest_route=%2Fwp%2Fv2%2Fcomments&post=215"}],"version-history":[{"count":0,"href":"https:\/\/www.desdegranada.com\/site\/index.php?rest_route=\/wp\/v2\/posts\/215\/revisions"}],"wp:attachment":[{"href":"https:\/\/www.desdegranada.com\/site\/index.php?rest_route=%2Fwp%2Fv2%2Fmedia&parent=215"}],"wp:term":[{"taxonomy":"category","embeddable":true,"href":"https:\/\/www.desdegranada.com\/site\/index.php?rest_route=%2Fwp%2Fv2%2Fcategories&post=215"},{"taxonomy":"post_tag","embeddable":true,"href":"https:\/\/www.desdegranada.com\/site\/index.php?rest_route=%2Fwp%2Fv2%2Ftags&post=215"}],"curies":[{"name":"wp","href":"https:\/\/api.w.org\/{rel}","templated":true}]}}