{"id":216,"date":"2020-04-28T13:34:18","date_gmt":"2020-04-28T13:34:18","guid":{"rendered":"https:\/\/www.desdegranada.com\/site\/?p=216"},"modified":"2020-04-28T13:34:18","modified_gmt":"2020-04-28T13:34:18","slug":"granadaton-juntos-somos-mas","status":"publish","type":"post","link":"https:\/\/www.desdegranada.com\/site\/?p=216","title":{"rendered":"#Granadat\u00f3n: Juntos somos m\u00e1s \u00a0"},"content":{"rendered":"<p style=\"text-align: justify;\">La Granadat\u00f3n se realizar\u00e1 el s\u00e1bado 2 de mayo en el atrio de templo parroquial desde las 8 de la ma\u00f1ana hasta las 8 de la noche; ser\u00e1 un d\u00eda para que a trav\u00e9s de la m\u00fasica, la poes\u00eda, el arte y todo el talento granadino motivemos a los paisanos para que hagamos aportes a la Sociedad San Vicente de Pa\u00fal, entidad que viene ayudando a las familias m\u00e1s vulnerables en esta contingencia.<\/p>\n<p style=\"text-align: justify;\">\u201cEsta situaci\u00f3n de contingencia ha dejado a muchos granadinos en situaci\u00f3n de vulnerabilidad, es por ello que nuevamente las instituciones nos unimos en torno a una actividad supremamente loable que busca mover el coraz\u00f3n y la solidad de todos nuestros paisanos.\u201d Afirm\u00f3 el alcalde Fredy Casta\u00f1o.\u00a0\u00a0<\/p>\n<p style=\"text-align: justify;\">\u201cEs una oportunidad de compartir con alegr\u00eda de lo que Dios nos ha dado\u201d, invit\u00f3 el p\u00e1rroco de Granada, Sergio Augusto Botero.<\/p>\n<p style=\"text-align: justify;\">Puede hacer sus aportes en las siguientes cuentas:<\/p>\n<p style=\"text-align: justify;\">Bancolombia ahorros: 32500000286, \u00a0Creafam: 6270, \u00a0Coogranada: 01-101-001063-7.<\/p>\n","protected":false},"excerpt":{"rendered":"<p style=\"text-align: justify;\">Como en los diferentes momentos de la historia en los que se ha requerido de la uni\u00f3n de esfuerzos para superar crisis sociales y econ\u00f3micas, el pueblo granadino e instituciones volvemos a recurrir a la solidaridad y uni\u00f3n para ayudar a las personas afectadas por la crisis que afrontamos por causa del Covid-19.<\/p>\n","protected":false},"author":1,"featured_media":0,"comment_status":"open","ping_status":"open","sticky":false,"template":"","format":"standard","meta":{"footnotes":""},"categories":[19],"tags":[],"class_list":["post-216","post","type-post","status-publish","format-standard","hentry","category-noticias"],"_links":{"self":[{"href":"https:\/\/www.desdegranada.com\/site\/index.php?rest_route=\/wp\/v2\/posts\/216","targetHints":{"allow":["GET"]}}],"collection":[{"href":"https:\/\/www.desdegranada.com\/site\/index.php?rest_route=\/wp\/v2\/posts"}],"about":[{"href":"https:\/\/www.desdegranada.com\/site\/index.php?rest_route=\/wp\/v2\/types\/post"}],"author":[{"embeddable":true,"href":"https:\/\/www.desdegranada.com\/site\/index.php?rest_route=\/wp\/v2\/users\/1"}],"replies":[{"embeddable":true,"href":"https:\/\/www.desdegranada.com\/site\/index.php?rest_route=%2Fwp%2Fv2%2Fcomments&post=216"}],"version-history":[{"count":0,"href":"https:\/\/www.desdegranada.com\/site\/index.php?rest_route=\/wp\/v2\/posts\/216\/revisions"}],"wp:attachment":[{"href":"https:\/\/www.desdegranada.com\/site\/index.php?rest_route=%2Fwp%2Fv2%2Fmedia&parent=216"}],"wp:term":[{"taxonomy":"category","embeddable":true,"href":"https:\/\/www.desdegranada.com\/site\/index.php?rest_route=%2Fwp%2Fv2%2Fcategories&post=216"},{"taxonomy":"post_tag","embeddable":true,"href":"https:\/\/www.desdegranada.com\/site\/index.php?rest_route=%2Fwp%2Fv2%2Ftags&post=216"}],"curies":[{"name":"wp","href":"https:\/\/api.w.org\/{rel}","templated":true}]}}