{"id":217,"date":"2020-04-28T21:45:10","date_gmt":"2020-04-28T21:45:10","guid":{"rendered":"https:\/\/www.desdegranada.com\/site\/?p=217"},"modified":"2020-04-28T21:45:10","modified_gmt":"2020-04-28T21:45:10","slug":"evoluciona-positivamente-paciente-granadina-con-covid-19","status":"publish","type":"post","link":"https:\/\/www.desdegranada.com\/site\/?p=217","title":{"rendered":"Evoluciona positivamente paciente granadina con covid &#8211; 19"},"content":{"rendered":"<p style=\"text-align: justify;\">La paciente se encuentra muy bien y se le va a tomar la muestra de nuevo para mirar la posibilidad de darle de alta y remitirla al municipio de Granada.<br \/>\u201cEst\u00e1 superando el Covid -19. Nosotros tenemos muchas esperanzas de que la segunda prueba salga negativa y lo mejor, es que la paciente a pesar de la edad, est\u00e1 mejorando. Hay desmonte de ox\u00edgeno, antes requer\u00eda grandes cantidades y ahora le est\u00e1n desmontando a canulita nasal y posteriormente darle de alta desde el segundo nivel.\u201d Afirm\u00f3 Edwar Pati\u00f1o, Subgerente Cient\u00edfico de la ESE Hospital Padre Clemente Giraldo. <br \/>Consultamos sobre el proceso que se adelant\u00f3 con las personas que tuvieron contacto con la paciente: \u201cdel cerco epidemiol\u00f3gico todos dieron negativo. Todo el cerco que hicimos, que eran los contacto estrechos, eran los que hab\u00edan estado con la paciente, que no hab\u00edan utilizado las medidas adecuadas, como: tapabocas, no ten\u00edan adecuada higiene de manos, y que estuvieron con paciente en menos de un metro de distancia, hicimos pruebas a estas personas y salieron negativas.\u201d Recalc\u00f3 el doctor Edwar Pati\u00f1o.<br \/>Una de las inquietudes m\u00e1s recurrentes de la ciudadan\u00eda es sobre la forma de contagi\u00f3. Al respecto el doctor Edwar nos cont\u00f3: \u201cNo fue un foco de contagio directo, sospechamos que hubo infecci\u00f3n de tipo ambiental, que quiere decir eso, alguien que le hizo una especie de mandado, alguien que la visit\u00f3 a la casa y le entreg\u00f3 un objeto, uno objeto que vino del exterior contaminado y contagi\u00f3 la paciente\u201d.<\/p>\n","protected":false},"excerpt":{"rendered":"<p style=\"text-align: justify;\">Once d\u00edas despu\u00e9s de que se confirmara el primer caso positivo de covid \u2013 19 en el municipio, el Hospital Padre Clemente Giraldo, dio a conocer la evoluci\u00f3n de la paciente de entre 85 y 95 a\u00f1os.<\/p>\n","protected":false},"author":1,"featured_media":0,"comment_status":"open","ping_status":"open","sticky":false,"template":"","format":"standard","meta":{"footnotes":""},"categories":[19],"tags":[],"class_list":["post-217","post","type-post","status-publish","format-standard","hentry","category-noticias"],"_links":{"self":[{"href":"https:\/\/www.desdegranada.com\/site\/index.php?rest_route=\/wp\/v2\/posts\/217","targetHints":{"allow":["GET"]}}],"collection":[{"href":"https:\/\/www.desdegranada.com\/site\/index.php?rest_route=\/wp\/v2\/posts"}],"about":[{"href":"https:\/\/www.desdegranada.com\/site\/index.php?rest_route=\/wp\/v2\/types\/post"}],"author":[{"embeddable":true,"href":"https:\/\/www.desdegranada.com\/site\/index.php?rest_route=\/wp\/v2\/users\/1"}],"replies":[{"embeddable":true,"href":"https:\/\/www.desdegranada.com\/site\/index.php?rest_route=%2Fwp%2Fv2%2Fcomments&post=217"}],"version-history":[{"count":0,"href":"https:\/\/www.desdegranada.com\/site\/index.php?rest_route=\/wp\/v2\/posts\/217\/revisions"}],"wp:attachment":[{"href":"https:\/\/www.desdegranada.com\/site\/index.php?rest_route=%2Fwp%2Fv2%2Fmedia&parent=217"}],"wp:term":[{"taxonomy":"category","embeddable":true,"href":"https:\/\/www.desdegranada.com\/site\/index.php?rest_route=%2Fwp%2Fv2%2Fcategories&post=217"},{"taxonomy":"post_tag","embeddable":true,"href":"https:\/\/www.desdegranada.com\/site\/index.php?rest_route=%2Fwp%2Fv2%2Ftags&post=217"}],"curies":[{"name":"wp","href":"https:\/\/api.w.org\/{rel}","templated":true}]}}