{"id":218,"date":"2020-05-04T20:12:56","date_gmt":"2020-05-04T20:12:56","guid":{"rendered":"https:\/\/www.desdegranada.com\/site\/?p=218"},"modified":"2020-05-04T20:12:56","modified_gmt":"2020-05-04T20:12:56","slug":"la-solidaridad-de-los-granadinos-es-un-arte","status":"publish","type":"post","link":"https:\/\/www.desdegranada.com\/site\/?p=218","title":{"rendered":"La solidaridad de los granadinos es un arte"},"content":{"rendered":"<p style=\"text-align: justify;\">Quiz\u00e1s uno de los ejemplos m\u00e1s significativos (m\u00e1s no el \u00fanico) se dio luego de la toma guerrillera del a\u00f1o 2000, cuando muchos de los hijos de esta tierra y entidades, aportaron una importante suma de dinero como case para la recons<span class=\"text_exposed_show\">trucci\u00f3n de un sector de la variante que qued\u00f3 completamente destruido por el carro bomba.<\/span><\/p>\n<p style=\"text-align: justify;\"><span class=\"text_exposed_show\">Veinte a\u00f1os despu\u00e9s, se repite este bonito gesto a trav\u00e9s de la\u00a0<a class=\"_58cn\" href=\"https:\/\/www.facebook.com\/hashtag\/granadat%C3%B3n?source=feed_text&amp;epa=HASHTAG\" data-ft=\"{&quot;type&quot;:104,&quot;tn&quot;:&quot;*N&quot;}\"><span class=\"_5afx\"><span class=\"_58cl _5afz\">#<\/span><span class=\"_58cm\">Granadat\u00f3n<\/span><\/span><\/a>, en el que durante doce horas continuas, peso a peso y desde la medida de las capacidades de cada quien, los granadinos se volvieron a unir para apoyar a la Sociedad San Vicente de Pa\u00fal en su intenci\u00f3n de brindar una mano a las personas que pasan necesidades en estos d\u00edas de aislamiento.<\/span><\/p>\n<p style=\"text-align: justify;\"><span class=\"text_exposed_show\"><img decoding=\"async\" src=\"images\/La_solidaridad_de_los_granadinos_es_un_arte_2.jpg\" alt=\"\" \/><\/span><\/p>\n<p style=\"text-align: justify;\"><span class=\"text_exposed_show\">De la misma manera que se fue registrando cada aporte en las cuentas de San Vicente y que fue llegando cada persona con su donaci\u00f3n, trazo a trazo el artista Manuel Vanegas fue plasmando sobre un lienzo un espectacular cuadro, que en esta ocasi\u00f3n, se convirti\u00f3 en el s\u00edmbolo de ese esp\u00edritu de solidaridad de una comunidad que no se rinde ante las adversidades.<\/span><\/p>\n<p style=\"text-align: justify;\"><span class=\"text_exposed_show\">Un trabajo que puede tardar tranquilamente de mes y medio a dos meses en su elaboraci\u00f3n y detalles, Manuel logr\u00f3 terminarlo en un solo d\u00eda, mostrando tambi\u00e9n su deseo de aportar en la jornada que finalmente fue un \u00e9xito tras alcanzar y superar la meta trazada de 100 millones de pesos.<\/span><\/p>\n<p style=\"text-align: justify;\"><span class=\"text_exposed_show\">Es por eso que hoy digo con orgullo que la solidaridad de los granadinos es un arte.<\/span><\/p>\n","protected":false},"excerpt":{"rendered":"<p style=\"text-align: justify;\">Por: Faiber Salazar.<\/p>\n<p style=\"text-align: justify;\">Ni siendo testigos de las muchas veces que el pueblo granadino se ha unido para sacar adelante diversas situaciones, deja de sorprender el amor que sienten nuestra gente e instituciones por su pueblo.<\/p>\n","protected":false},"author":1,"featured_media":0,"comment_status":"open","ping_status":"open","sticky":false,"template":"","format":"standard","meta":{"footnotes":""},"categories":[20],"tags":[],"class_list":["post-218","post","type-post","status-publish","format-standard","hentry","category-columnistas"],"_links":{"self":[{"href":"https:\/\/www.desdegranada.com\/site\/index.php?rest_route=\/wp\/v2\/posts\/218","targetHints":{"allow":["GET"]}}],"collection":[{"href":"https:\/\/www.desdegranada.com\/site\/index.php?rest_route=\/wp\/v2\/posts"}],"about":[{"href":"https:\/\/www.desdegranada.com\/site\/index.php?rest_route=\/wp\/v2\/types\/post"}],"author":[{"embeddable":true,"href":"https:\/\/www.desdegranada.com\/site\/index.php?rest_route=\/wp\/v2\/users\/1"}],"replies":[{"embeddable":true,"href":"https:\/\/www.desdegranada.com\/site\/index.php?rest_route=%2Fwp%2Fv2%2Fcomments&post=218"}],"version-history":[{"count":0,"href":"https:\/\/www.desdegranada.com\/site\/index.php?rest_route=\/wp\/v2\/posts\/218\/revisions"}],"wp:attachment":[{"href":"https:\/\/www.desdegranada.com\/site\/index.php?rest_route=%2Fwp%2Fv2%2Fmedia&parent=218"}],"wp:term":[{"taxonomy":"category","embeddable":true,"href":"https:\/\/www.desdegranada.com\/site\/index.php?rest_route=%2Fwp%2Fv2%2Fcategories&post=218"},{"taxonomy":"post_tag","embeddable":true,"href":"https:\/\/www.desdegranada.com\/site\/index.php?rest_route=%2Fwp%2Fv2%2Ftags&post=218"}],"curies":[{"name":"wp","href":"https:\/\/api.w.org\/{rel}","templated":true}]}}