{"id":219,"date":"2020-05-08T01:55:45","date_gmt":"2020-05-08T01:55:45","guid":{"rendered":"https:\/\/www.desdegranada.com\/site\/?p=219"},"modified":"2020-05-08T01:55:45","modified_gmt":"2020-05-08T01:55:45","slug":"alcaldia-municipal-declara-toque-de-queda-y-ley-seca-durante-el-fin-de-semana-de-madres","status":"publish","type":"post","link":"https:\/\/www.desdegranada.com\/site\/?p=219","title":{"rendered":"Alcald\u00eda municipal declara toque de queda y ley seca durante el fin de semana de madres"},"content":{"rendered":"<p style=\"text-align: justify;\">En primer momento, el toque de queda se ha establecido a partir de este s\u00e1bado a las 8 de la noche y hasta el domingo a las 6 de la ma\u00f1ana. Luego se retoma el mismo d\u00eda a las 8 de la noche culminando el lunes a las 6 de la ma\u00f1ana.<\/p>\n<p style=\"text-align: justify;\">\u00abMediante un decreto que expedir\u00e9 el d\u00eda de ma\u00f1ana viernes sobre los dos aspectos: ley seca y toque de queda. La ley seca hace prohibici\u00f3n de venta, distribuci\u00f3n, producci\u00f3n, comercializaci\u00f3n y consumo de bebidas alcoh\u00f3licas y el toque de queda hace referencia a la restricci\u00f3n f\u00edsica de la circulaci\u00f3n sobre cualquiera de los puntos de la geograf\u00eda local\u00bb, afirm\u00f3 el alcalde municipal a trav\u00e9s de la emisora Granada Stereo.<\/p>\n","protected":false},"excerpt":{"rendered":"<p style=\"text-align: justify;\">Desde el d\u00eda viernes 8 de mayo a las seis de la tarde, iniciar\u00e1 la ley seca sobre todo el territorio granadino y se extender\u00e1 hasta el pr\u00f3ximo lunes a las 6 de la ma\u00f1ana.<\/p>\n","protected":false},"author":1,"featured_media":0,"comment_status":"open","ping_status":"open","sticky":false,"template":"","format":"standard","meta":{"footnotes":""},"categories":[19],"tags":[],"class_list":["post-219","post","type-post","status-publish","format-standard","hentry","category-noticias"],"_links":{"self":[{"href":"https:\/\/www.desdegranada.com\/site\/index.php?rest_route=\/wp\/v2\/posts\/219","targetHints":{"allow":["GET"]}}],"collection":[{"href":"https:\/\/www.desdegranada.com\/site\/index.php?rest_route=\/wp\/v2\/posts"}],"about":[{"href":"https:\/\/www.desdegranada.com\/site\/index.php?rest_route=\/wp\/v2\/types\/post"}],"author":[{"embeddable":true,"href":"https:\/\/www.desdegranada.com\/site\/index.php?rest_route=\/wp\/v2\/users\/1"}],"replies":[{"embeddable":true,"href":"https:\/\/www.desdegranada.com\/site\/index.php?rest_route=%2Fwp%2Fv2%2Fcomments&post=219"}],"version-history":[{"count":0,"href":"https:\/\/www.desdegranada.com\/site\/index.php?rest_route=\/wp\/v2\/posts\/219\/revisions"}],"wp:attachment":[{"href":"https:\/\/www.desdegranada.com\/site\/index.php?rest_route=%2Fwp%2Fv2%2Fmedia&parent=219"}],"wp:term":[{"taxonomy":"category","embeddable":true,"href":"https:\/\/www.desdegranada.com\/site\/index.php?rest_route=%2Fwp%2Fv2%2Fcategories&post=219"},{"taxonomy":"post_tag","embeddable":true,"href":"https:\/\/www.desdegranada.com\/site\/index.php?rest_route=%2Fwp%2Fv2%2Ftags&post=219"}],"curies":[{"name":"wp","href":"https:\/\/api.w.org\/{rel}","templated":true}]}}